{"id":9890,"date":"2025-10-04T19:18:13","date_gmt":"2025-10-04T17:18:13","guid":{"rendered":"https:\/\/mbsniezna.rzeszow.pl\/?p=9890"},"modified":"2025-10-04T19:18:13","modified_gmt":"2025-10-04T17:18:13","slug":"intencje-mszalne-6-12-pazdziernika-2025-r","status":"publish","type":"post","link":"https:\/\/mbsniezna.rzeszow.pl\/index.php\/2025\/10\/04\/intencje-mszalne-6-12-pazdziernika-2025-r\/","title":{"rendered":"INTENCJE MSZALNE 6 \u2013 12 PA\u0179DZIERNIKA 2025 R."},"content":{"rendered":"\n<p><a><\/a>Poniedzia\u0142ek 6 pa\u017adziernika<\/p>\n\n\n\n<p>7.00 +Zenon Piekarz od Bogumi\u0142y i Mariana P\u0142onka<\/p>\n\n\n\n<p>18.00 +Andrzej Szymkowski (8 rocz.)<\/p>\n\n\n\n<p>18.00 +Agnieszka Maci\u0105g od brata Paw\u0142a<\/p>\n\n\n\n<p>*+Janusz Mucha (6)<\/p>\n\n\n\n<p>*+Mieczys\u0142aw \u017burek od Wandy Ziemniak z rodzin\u0105 (RPA)<\/p>\n\n\n\n<p>Wtorek 7 pa\u017adziernika<\/p>\n\n\n\n<p>7.00 O zdrowie i Bo\u017ce b\u0142ogos\u0142awie\u0144stwo dla s. Lucyny<\/p>\n\n\n\n<p>7.00 +Zofia Grzebyk od bratanicy Krystyny z rodzin\u0105<\/p>\n\n\n\n<p>18.00 Dzi\u0119kczynna i o Bo\u017ce b\u0142ogos\u0142awie\u0144stwo oraz opiek\u0119 Matki Bo\u017cej dla Agnieszki i Les\u0142awa w 30 rocznice \u015blubu i o zdrowie dla wnuczki Emilii<\/p>\n\n\n\n<p>18.00 +Stanis\u0142aw Gliwa (24 rocz.)<\/p>\n\n\n\n<p>18.00 +Wojciech Ko\u0142odziej<\/p>\n\n\n\n<p>*+Janusz Mucha (7)<\/p>\n\n\n\n<p>*+Danuta Ka\u0142ucka od s\u0105siada Zbigniewa (RPA)<\/p>\n\n\n\n<p>\u015aroda 8 pa\u017adziernika<\/p>\n\n\n\n<p>7.00 +Tadeusz Szczygie\u0142 od Agnieszki i Marysi z rodzin\u0105<\/p>\n\n\n\n<p>7.00 +Czes\u0142aw Rojek od Anny Winiarskiej z rodzin\u0105<\/p>\n\n\n\n<p>18.00 +Zofia, +Katarzyna, +J\u00f3zef z rodziny Stachurskich<\/p>\n\n\n\n<p>18.00 +Anna, +Jan Kawalec<\/p>\n\n\n\n<p>18.00 +Irena Mieczys\u0142aw<\/p>\n\n\n\n<p>*+Janusz Mucha<\/p>\n\n\n\n<p>*+Danuta Ka\u0142ucka od Danuty Rozmus (RPA)<\/p>\n\n\n\n<p>Czwartek 9 pa\u017adziernika<\/p>\n\n\n\n<p>7.00 +Maria Borowiec od rodziny Grodeckich<\/p>\n\n\n\n<p>7.00 +Czes\u0142aw Rojek od Piotra i El\u017cbiety Dudek<\/p>\n\n\n\n<p>18.00 +Czes\u0142awa Ziemniak (15 rocz.)<\/p>\n\n\n\n<p>18.00 +Mieczys\u0142aw Fie\u0144 (14 rocz.)<\/p>\n\n\n\n<p>18.00 +Zofia, +J\u00f3zef Dr\u0105\u017cek od Stanis\u0142awa<\/p>\n\n\n\n<p>*+Janusz Mucha (9)<\/p>\n\n\n\n<p>*+Bogus\u0142awa Jamr\u00f3z od rodziny Nowak\u00f3w (RPA)<\/p>\n\n\n\n<p>Pi\u0105tek 10 pa\u017adziernika<\/p>\n\n\n\n<p>7.00 +Zofia Grzebyk od rodziny Anny Ha\u0142o\u0144<\/p>\n\n\n\n<p>7.00 +Tadeusz Szczygie\u0142 od s\u0105siad\u00f3w Myszk\u00f3w i Wo\u017anic\u00f3w<\/p>\n\n\n\n<p>18.00 O Bo\u017ce b\u0142ogos\u0142awie\u0144stwo dla Marty i Damiana w 5 rocznice \u015blubu<\/p>\n\n\n\n<p>18.00 +Leonia Rze\u017anik (12 rocz.), ++ z rodziny, +Zofia Rojek<\/p>\n\n\n\n<p>*+Janusz Mucha (10)<\/p>\n\n\n\n<p>*+Bogus\u0142awa Jmr\u00f3z od swatowej z Lipia (RPA)<\/p>\n\n\n\n<p>Sobota 11 pa\u017adziernika<\/p>\n\n\n\n<p>7.00 +Tadeusz, +Anna Domino<\/p>\n\n\n\n<p>7.00 +Seweryna Pasierb, ++ z rodziny<\/p>\n\n\n\n<p>18.00 +Hubert Pr\u0119dki (1 rocz.) od mamy, brata i babci<\/p>\n\n\n\n<p>18.00 ++ z rodzin Daszyk i My\u0107ka<\/p>\n\n\n\n<p>18.00 +Seweryna Pasierb (5 rocz.), ++ z rodziny<\/p>\n\n\n\n<p>*+Janusz Mucha (11)<\/p>\n\n\n\n<p>*+Zofia Borowiec od Ma\u0142gorzaty Mikulec z Dynowa (RPA)<\/p>\n\n\n\n<p>Niedziela 12 pa\u017adziernika<\/p>\n\n\n\n<p>7.00 Dzi\u0119kczynna za otrzymane \u0142aski z pro\u015bb\u0105 o Bo\u017ce b\u0142ogos\u0142awie\u0144stwo, opiek\u0119 Matki Bo\u017cej dla s. Teresy i jej najbli\u017cszych<\/p>\n\n\n\n<p>9.00 O b\u0142ogos\u0142awie\u0144stwo Bo\u017ce dla Centrum Medycznego Medyk<\/p>\n\n\n\n<p>9.00 +Anna, +Stanis\u0142aw Ma\u015blanka<\/p>\n\n\n\n<p>*+Janusz Mucha (12)<\/p>\n\n\n\n<p>*+Zofia Borowiec od rodziny Trawka (RPA)<\/p>\n\n\n\n<p>10.30 +Zofia Pr\u0119dka w rocznic\u0119 urodzin<\/p>\n\n\n\n<p>12.00 Za parafian \u017cywych i zmar\u0142ych<\/p>\n\n\n\n<p>16.00 +Piotr Pinkowicz (5 rocz.)<\/p>\n\n\n\n<p>18.00 +Henryk Jakubiec (26 rocz.)<\/p>\n","protected":false},"excerpt":{"rendered":"<p>&#8230;<\/p>\n","protected":false},"author":1,"featured_media":9265,"comment_status":"closed","ping_status":"","sticky":false,"template":"","format":"standard","meta":{"ngg_post_thumbnail":0,"footnotes":""},"categories":[13],"tags":[],"class_list":["post-9890","post","type-post","status-publish","format-standard","has-post-thumbnail","hentry","category-newsy"],"_links":{"self":[{"href":"https:\/\/mbsniezna.rzeszow.pl\/index.php\/wp-json\/wp\/v2\/posts\/9890","targetHints":{"allow":["GET"]}}],"collection":[{"href":"https:\/\/mbsniezna.rzeszow.pl\/index.php\/wp-json\/wp\/v2\/posts"}],"about":[{"href":"https:\/\/mbsniezna.rzeszow.pl\/index.php\/wp-json\/wp\/v2\/types\/post"}],"author":[{"embeddable":true,"href":"https:\/\/mbsniezna.rzeszow.pl\/index.php\/wp-json\/wp\/v2\/users\/1"}],"replies":[{"embeddable":true,"href":"https:\/\/mbsniezna.rzeszow.pl\/index.php\/wp-json\/wp\/v2\/comments?post=9890"}],"version-history":[{"count":1,"href":"https:\/\/mbsniezna.rzeszow.pl\/index.php\/wp-json\/wp\/v2\/posts\/9890\/revisions"}],"predecessor-version":[{"id":9891,"href":"https:\/\/mbsniezna.rzeszow.pl\/index.php\/wp-json\/wp\/v2\/posts\/9890\/revisions\/9891"}],"wp:featuredmedia":[{"embeddable":true,"href":"https:\/\/mbsniezna.rzeszow.pl\/index.php\/wp-json\/wp\/v2\/media\/9265"}],"wp:attachment":[{"href":"https:\/\/mbsniezna.rzeszow.pl\/index.php\/wp-json\/wp\/v2\/media?parent=9890"}],"wp:term":[{"taxonomy":"category","embeddable":true,"href":"https:\/\/mbsniezna.rzeszow.pl\/index.php\/wp-json\/wp\/v2\/categories?post=9890"},{"taxonomy":"post_tag","embeddable":true,"href":"https:\/\/mbsniezna.rzeszow.pl\/index.php\/wp-json\/wp\/v2\/tags?post=9890"}],"curies":[{"name":"wp","href":"https:\/\/api.w.org\/{rel}","templated":true}]}}