{"id":9893,"date":"2025-10-12T06:10:46","date_gmt":"2025-10-12T04:10:46","guid":{"rendered":"https:\/\/mbsniezna.rzeszow.pl\/?p=9893"},"modified":"2025-10-12T06:10:46","modified_gmt":"2025-10-12T04:10:46","slug":"xxviii-niedziela-zwykla-12-pazdziernika-2025-r","status":"publish","type":"post","link":"https:\/\/mbsniezna.rzeszow.pl\/index.php\/2025\/10\/12\/xxviii-niedziela-zwykla-12-pazdziernika-2025-r\/","title":{"rendered":"XXVIII NIEDZIELA ZWYK\u0141A \u2013 12 PA\u0179DZIERNIKA 2025 R."},"content":{"rendered":"\n<p><a><\/a>1. Zapraszamy na nabo\u017ce\u0144stwa r\u00f3\u017ca\u0144cowe \u2013 w tygodniu po Mszy wieczornej, a w niedziel\u0119 po prymarii.<\/p>\n\n\n\n<p>2. We wtorek Dzie\u0144 Nauczyciela \u2013 z wdzi\u0119czno\u015bci\u0105 m\u00f3dlmy si\u0119 za naszych nauczycieli i wychowawc\u00f3w \u2013 \u017cyj\u0105cych i zmar\u0142ych.<\/p>\n\n\n\n<p>3. We wtorek o 16.30 spotkanie kandydat\u00f3w na ministrant\u00f3w \u2013 zapraszamy ch\u0142opc\u00f3w od IV klasy.<\/p>\n\n\n\n<p>4. We wtorek o 19.00 w salce katecheza dla doros\u0142ych.<\/p>\n\n\n\n<p>5. W \u015brod\u0119 jest Dzie\u0144 Dziecka Utraconego \u2013 na wsp\u00f3ln\u0105 modlitw\u0119 zapraszamy rodzic\u00f3w, kt\u00f3rzy prze\u017cyli \u015bmier\u0107 swoich dzieci. Do koszyka przy obrazie Jezusa Mi\u0142osiernego od poniedzia\u0142ku prosz\u0119 sk\u0142ada\u0107 imiona dzieci utraconych.<\/p>\n\n\n\n<p>6. W \u015brod\u0119 po Mszy \u015bw. kolejne nabo\u017ce\u0144stwo biblijne z serii \u201eZ Galilei do Jeruzalem\u201d. B\u0119dziemy rozwa\u017ca\u0107 scen\u0119 wesela w Kanie Galilejskiej.<\/p>\n\n\n\n<p>7. We czwartek wspomnienie \u015bw. Jadwigi \u015al\u0105skiej, od 17.15 adoracja i mo\u017cliwo\u015b\u0107 spowiedzi \u2013 na zako\u0144czenie adoracji nabo\u017ce\u0144stwo r\u00f3\u017ca\u0144cowe przed Msz\u0105 \u015bw.<\/p>\n\n\n\n<p>8. We czwartek o 19.00 w ko\u015bciele spotkanie kandydat\u00f3w do bierzmowania \u2013 klasy VIIIa i VIIIb.<\/p>\n\n\n\n<p>9. W czwartek o 19.00 w salce zbi\u00f3rka wszystkich ministrant\u00f3w.<\/p>\n\n\n\n<p>10. W pi\u0105tek spotkania oazy: 16.30 m\u0142odsza, 19.00 starsza.<\/p>\n\n\n\n<p>11. W sobot\u0119 o 10.00 spotkanie scholii. Zapraszamy nowe dziewczyny na przygotowanie obrz\u0119du przyj\u0119cia, kt\u00f3re b\u0119dzie si\u0119 w niedziel\u0119 Chrystusa Kr\u00f3la.<\/p>\n\n\n\n<p>12. W sobot\u0119 \u015bw. \u0141ukasza Ewangelisty \u2013 patrona s\u0142u\u017cby zdrowia.<\/p>\n\n\n\n<p>13. W przysz\u0142\u0105 niedziele prosimy o sk\u0142adk\u0119 na cele inwestycyjne.<\/p>\n\n\n\n<p>14. W przysz\u0142\u0105 niedziel\u0119 Niedziela Misyjna \u2013 rozpoczynaj\u0105ca Tydzie\u0144 Misyjny.<\/p>\n\n\n\n<p>15. W przysz\u0142\u0105 niedziel\u0119 go\u015bci\u0142 b\u0119dzie u nas ks. Fabio Loutfi \u2013 kap\u0142an z Libanu i duszpasterz katolik\u00f3w obrz\u0105dku maronickiego w Polsce. B\u0119dzie g\u0142osi\u0142 s\u0142owo Bo\u017ce o \u015bw. Szarbelu. O godz. 9.00 odprawi Msz\u0119 \u015bw. w obrz\u0105dku maronickim w j\u0119zyku aramejskim \u2013 tym j\u0119zykiem pos\u0142ugiwa\u0142 si\u0119 Jezus Chrystus. Po Mszy \u015bw. dokona po\u015bwi\u0119cenia figury \u015bw. Szarbela przed ko\u015bcio\u0142em.<\/p>\n\n\n\n<p>16. B\u00f3g zap\u0142a\u0107 za ofiary na sprz\u0105tanie ko\u015bcio\u0142a \u2013 w tym tygodniu prosimy rodziny z ul. Sportowc\u00f3w \u2013 ca\u0142o\u015b\u0107: 3, 6c, 6d, 8, 10, 14, 15, 16, 18, 19, 20, 27, 28, 34, 35, 38, 39, 46.<\/p>\n\n\n\n<p>17. W ostatni\u0105 niedziel\u0119 pa\u017adziernika Telewizja Polonia b\u0119dzie transmitowa\u0107 na ca\u0142y \u015bwiat Msz\u0119 \u015bw. z naszego ko\u015bcio\u0142a. Ta Msza \u015bw. b\u0119dzie o godz. 13.00. Zapraszamy. Nie b\u0119dzie wtedy Mszy o 12.00, bo telewizja b\u0119dzie rozstawia\u0107 sprz\u0119t.<\/p>\n\n\n\n<p>18. W dniu 5 listopada rozpoczniemy w naszej parafii 33 dniowe rekolekcje oddania ze s\u0142ug\u0105 Bo\u017cym Wenantym Katarzy\u0144cem. Rekolekcje zako\u0144cz\u0105 si\u0119 w uroczysto\u015b\u0107 Niepokalanego Pocz\u0119cia NMP aktem oddania si\u0119 Matce Bo\u017cej. Tego typu rekolekcje drog\u0105 internetow\u0105 w naszej parafii prze\u017cywali\u015bmy ju\u017c dwa razy. Serdecznie zapraszamy. Wenanty Katarzyniec to posta\u0107 niezwyk\u0142a. B\u0119dziemy si\u0119 z nim zapoznawa\u0107 jeszcze przed rekolekcjami. Na naszym fb jest film przedstawiaj\u0105cy jego \u017cycie oraz duchowo\u015b\u0107.<\/p>\n\n\n\n<figure class=\"wp-block-embed is-type-video is-provider-youtube wp-block-embed-youtube wp-embed-aspect-16-9 wp-has-aspect-ratio\"><div class=\"wp-block-embed__wrapper\">\n<iframe loading=\"lazy\" title=\"\u015aladami ojca Wenantego\" width=\"500\" height=\"281\" src=\"https:\/\/www.youtube.com\/embed\/qnEHdcBtK2s?start=8&#038;feature=oembed\" frameborder=\"0\" allow=\"accelerometer; autoplay; clipboard-write; encrypted-media; gyroscope; picture-in-picture; web-share\" referrerpolicy=\"strict-origin-when-cross-origin\" allowfullscreen><\/iframe>\n<\/div><\/figure>\n\n\n\n<p>19. Dzisiaj po Mszach \u015bw. zbi\u00f3rka do puszek na Dzie\u0142o Trzeciego Tysi\u0105clecia.<\/p>\n","protected":false},"excerpt":{"rendered":"<p>&#8230;<\/p>\n","protected":false},"author":1,"featured_media":8276,"comment_status":"closed","ping_status":"","sticky":false,"template":"","format":"standard","meta":{"ngg_post_thumbnail":0,"footnotes":""},"categories":[13],"tags":[],"class_list":["post-9893","post","type-post","status-publish","format-standard","has-post-thumbnail","hentry","category-newsy"],"_links":{"self":[{"href":"https:\/\/mbsniezna.rzeszow.pl\/index.php\/wp-json\/wp\/v2\/posts\/9893","targetHints":{"allow":["GET"]}}],"collection":[{"href":"https:\/\/mbsniezna.rzeszow.pl\/index.php\/wp-json\/wp\/v2\/posts"}],"about":[{"href":"https:\/\/mbsniezna.rzeszow.pl\/index.php\/wp-json\/wp\/v2\/types\/post"}],"author":[{"embeddable":true,"href":"https:\/\/mbsniezna.rzeszow.pl\/index.php\/wp-json\/wp\/v2\/users\/1"}],"replies":[{"embeddable":true,"href":"https:\/\/mbsniezna.rzeszow.pl\/index.php\/wp-json\/wp\/v2\/comments?post=9893"}],"version-history":[{"count":1,"href":"https:\/\/mbsniezna.rzeszow.pl\/index.php\/wp-json\/wp\/v2\/posts\/9893\/revisions"}],"predecessor-version":[{"id":9894,"href":"https:\/\/mbsniezna.rzeszow.pl\/index.php\/wp-json\/wp\/v2\/posts\/9893\/revisions\/9894"}],"wp:featuredmedia":[{"embeddable":true,"href":"https:\/\/mbsniezna.rzeszow.pl\/index.php\/wp-json\/wp\/v2\/media\/8276"}],"wp:attachment":[{"href":"https:\/\/mbsniezna.rzeszow.pl\/index.php\/wp-json\/wp\/v2\/media?parent=9893"}],"wp:term":[{"taxonomy":"category","embeddable":true,"href":"https:\/\/mbsniezna.rzeszow.pl\/index.php\/wp-json\/wp\/v2\/categories?post=9893"},{"taxonomy":"post_tag","embeddable":true,"href":"https:\/\/mbsniezna.rzeszow.pl\/index.php\/wp-json\/wp\/v2\/tags?post=9893"}],"curies":[{"name":"wp","href":"https:\/\/api.w.org\/{rel}","templated":true}]}}