{"id":9895,"date":"2025-10-12T06:12:25","date_gmt":"2025-10-12T04:12:25","guid":{"rendered":"https:\/\/mbsniezna.rzeszow.pl\/?p=9895"},"modified":"2025-10-12T06:12:25","modified_gmt":"2025-10-12T04:12:25","slug":"intencje-mszalne-od-13-do-19-pazdziernika-2025-r","status":"publish","type":"post","link":"https:\/\/mbsniezna.rzeszow.pl\/index.php\/2025\/10\/12\/intencje-mszalne-od-13-do-19-pazdziernika-2025-r\/","title":{"rendered":"INTENCJE MSZALNE OD 13 DO 19 PA\u0179DZIERNIKA 2025 R"},"content":{"rendered":"\n<p>Poniedzia\u0142ek 13 pa\u017adziernika<\/p>\n\n\n\n<p><a><\/a>7.00 Dzi\u0119kczynna i o Bo\u017ce b\u0142ogos\u0142awie\u0144stwo dla Julii i Filipa z okazji urodzin<\/p>\n\n\n\n<p>18.00 +J\u00f3zef, +Wiktoria Rak<\/p>\n\n\n\n<p>18.00 +Eugeniusz Per\u0142owski (2 rocz.)<\/p>\n\n\n\n<p>*+Edward Mazur od Andrzeja Dr\u0105\u017cek (RPA)<\/p>\n\n\n\n<p>*+Janusz Mucha (13)<\/p>\n\n\n\n<p>Wtorek 14 pa\u017adziernika<\/p>\n\n\n\n<p>7.00 +Stanis\u0142aw Turek od kole\u017canek i koleg\u00f3w z pracy<\/p>\n\n\n\n<p>7.00 +Czes\u0142aw Rojek od wnuczki Pauliny<\/p>\n\n\n\n<p>18.00 O Bo\u017ce b\u0142ogos\u0142awie\u0144stwo dla pielgrzym\u00f3w do Rumunii i ich rodzin<\/p>\n\n\n\n<p>18.00 +Emil Podg\u00f3rski (1 rocz.), +Bogus\u0142aw<\/p>\n\n\n\n<p>*+Edward Mazur od Romana Grzebyk z rodzina (RPA)<\/p>\n\n\n\n<p>*+Janusz Mucha (14)<\/p>\n\n\n\n<p>\u015aroda 15 pa\u017adziernika<\/p>\n\n\n\n<p>7.00 O Bo\u017ce b\u0142ogos\u0142awie\u0144stwo dla pielgrzym\u00f3w do Cz\u0119stochowy i ich rodzin<\/p>\n\n\n\n<p>7.00 +Maria Borowiec od siostrzenicy Renaty z rodzin\u0105<\/p>\n\n\n\n<p>18.00 Dzi\u0119kczynna za \u017cycie Emilki Kawa i o Bo\u017ce b\u0142og. dla ca\u0142ej rodziny od rodziny Pajda<\/p>\n\n\n\n<p>18.00 +Aniela Czopik od Stanis\u0142awa<\/p>\n\n\n\n<p>18.00 +Anna, Edward Mazur<\/p>\n\n\n\n<p>*+Stanis\u0142aw Pelczar od s\u0105siad\u00f3w z Herbowej (RPA)<\/p>\n\n\n\n<p>*+Janusz Mucha (15)<\/p>\n\n\n\n<p>Czwartek 16 pa\u017adziernika<\/p>\n\n\n\n<p>7.00 O b\u0142ogos\u0142awie\u0144stwo Bo\u017ce dla Bo\u017ceny i jej rodziny<\/p>\n\n\n\n<p>18.00 +Jan, +Wiktoria Tobiasz, ++ich rodzice i ++ rodze\u0144stwo<\/p>\n\n\n\n<p>18.00 +Maria, +Kazimierz Ofiara od Stanis\u0142awa<\/p>\n\n\n\n<p>18.00 +Janina Zabawska<\/p>\n\n\n\n<p>*+Eugeniusz Nitka od mieszka\u0144c\u00f3w ul. Sportowc\u00f3w (RPA)<\/p>\n\n\n\n<p>*+Janusz Mucha (16)<\/p>\n\n\n\n<p>Pi\u0105tek 17 pa\u017adziernika<\/p>\n\n\n\n<p>7.00 +Stanis\u0142aw Turek od kole\u017canek i koleg\u00f3w z pracy<\/p>\n\n\n\n<p>18.00 Dzi\u0119kczynna za \u017cycie Emilki Kawa i o Bo\u017ce b\u0142og. dla ca\u0142ej rodziny od brata Marcina z rodzin\u0105<\/p>\n\n\n\n<p>18.00 Dzi\u0119kczynna za zdanie matury i o Bo\u017ce b\u0142ogos\u0142awie\u0144stwo<\/p>\n\n\n\n<p>*+Eugeniusz Nitka od Zofii i Krzysztofa Puc (RPA)<\/p>\n\n\n\n<p>*+Janusz Mucha (17)<\/p>\n\n\n\n<p>Sobota 18 pa\u017adziernika<\/p>\n\n\n\n<p>7.00 O mocn\u0105 wiar\u0119 dla dzieci<\/p>\n\n\n\n<p>7.00 +Tadeusz Szczygie\u0142 od Ireny Koc\u00f3j z rodzin\u0105<\/p>\n\n\n\n<p>18.00 +Stefania, +Franciszek, +Stanis\u0142aw Go\u015b<\/p>\n\n\n\n<p>18.00 +Maciej Pa\u017adzior (5 rocz.) od \u017cony i c\u00f3rki z m\u0119\u017cem<\/p>\n\n\n\n<p>*+Maria Mazur od Romana i Ewy Grzebyk (RPA)<\/p>\n\n\n\n<p>*+Janusz Mucha (18)<\/p>\n\n\n\n<p>Niedziela 19 pa\u017adziernika<\/p>\n\n\n\n<p>7.00 +Albina Go\u015b (20 rocz.), +Antoni<\/p>\n\n\n\n<p>9.00 +Roman Michno<\/p>\n\n\n\n<p>*+Maria Mazur od rodziny Borowc\u00f3w z Lubeni (RPA)<\/p>\n\n\n\n<p>*+Janusz Mucha (19)<\/p>\n\n\n\n<p>10.30 +Helena, +Edward Pa\u015bkiewicz<\/p>\n\n\n\n<p>12.00 Za parafian \u017cywych i zmar\u0142ych<\/p>\n\n\n\n<p>16.00 +Edward Domo\u0144 (25 rocz.) od \u017cony o dzieci<\/p>\n\n\n\n<p>18.00 +Barbara Stochmal<\/p>\n","protected":false},"excerpt":{"rendered":"<p>&#8230;<\/p>\n","protected":false},"author":1,"featured_media":7666,"comment_status":"closed","ping_status":"","sticky":false,"template":"","format":"standard","meta":{"ngg_post_thumbnail":0,"footnotes":""},"categories":[13],"tags":[],"class_list":["post-9895","post","type-post","status-publish","format-standard","has-post-thumbnail","hentry","category-newsy"],"_links":{"self":[{"href":"https:\/\/mbsniezna.rzeszow.pl\/index.php\/wp-json\/wp\/v2\/posts\/9895","targetHints":{"allow":["GET"]}}],"collection":[{"href":"https:\/\/mbsniezna.rzeszow.pl\/index.php\/wp-json\/wp\/v2\/posts"}],"about":[{"href":"https:\/\/mbsniezna.rzeszow.pl\/index.php\/wp-json\/wp\/v2\/types\/post"}],"author":[{"embeddable":true,"href":"https:\/\/mbsniezna.rzeszow.pl\/index.php\/wp-json\/wp\/v2\/users\/1"}],"replies":[{"embeddable":true,"href":"https:\/\/mbsniezna.rzeszow.pl\/index.php\/wp-json\/wp\/v2\/comments?post=9895"}],"version-history":[{"count":1,"href":"https:\/\/mbsniezna.rzeszow.pl\/index.php\/wp-json\/wp\/v2\/posts\/9895\/revisions"}],"predecessor-version":[{"id":9896,"href":"https:\/\/mbsniezna.rzeszow.pl\/index.php\/wp-json\/wp\/v2\/posts\/9895\/revisions\/9896"}],"wp:featuredmedia":[{"embeddable":true,"href":"https:\/\/mbsniezna.rzeszow.pl\/index.php\/wp-json\/wp\/v2\/media\/7666"}],"wp:attachment":[{"href":"https:\/\/mbsniezna.rzeszow.pl\/index.php\/wp-json\/wp\/v2\/media?parent=9895"}],"wp:term":[{"taxonomy":"category","embeddable":true,"href":"https:\/\/mbsniezna.rzeszow.pl\/index.php\/wp-json\/wp\/v2\/categories?post=9895"},{"taxonomy":"post_tag","embeddable":true,"href":"https:\/\/mbsniezna.rzeszow.pl\/index.php\/wp-json\/wp\/v2\/tags?post=9895"}],"curies":[{"name":"wp","href":"https:\/\/api.w.org\/{rel}","templated":true}]}}