{"id":9897,"date":"2025-10-19T06:32:13","date_gmt":"2025-10-19T04:32:13","guid":{"rendered":"https:\/\/mbsniezna.rzeszow.pl\/?p=9897"},"modified":"2025-10-19T06:32:13","modified_gmt":"2025-10-19T04:32:13","slug":"xxix-niedziela-zwykla-19-pazdziernika-2025-r","status":"publish","type":"post","link":"https:\/\/mbsniezna.rzeszow.pl\/index.php\/2025\/10\/19\/xxix-niedziela-zwykla-19-pazdziernika-2025-r\/","title":{"rendered":"XXIX NIEDZIELA ZWYK\u0141A \u2013 19 PA\u0179DZIERNIKA 2025 R."},"content":{"rendered":"\n<p><a><\/a>1. Zapraszamy na nabo\u017ce\u0144stwa r\u00f3\u017ca\u0144cowe \u2013 w tygodniu po Mszy wieczornej, a w niedziel\u0119 po prymarii.<\/p>\n\n\n\n<p>2. We wtorek o 16.30 zbi\u00f3rka kandydat\u00f3w na ministrant\u00f3w \u2013 zapraszamy ch\u0142opc\u00f3w od IV klasy.<\/p>\n\n\n\n<p>3. We \u015brod\u0119 wspomnienie \u015bw. Jana Paw\u0142a II papie\u017ca \u2013 indywidualne b\u0142ogos\u0142awie\u0144stwo jego relikwiami.<\/p>\n\n\n\n<p>4. We \u015brod\u0119 o 19.00 w ko\u015bciele spotkanie kandydat\u00f3w do bierzmowania \u2013 zapraszamy uczni\u00f3w klasy VIIIc i oraz tych kandydat\u00f3w co ucz\u0119szczaj\u0105 do szk\u00f3\u0142 poza parafi\u0105.<\/p>\n\n\n\n<p>5. We czwartek od 17.15 adoracja \u2013 r\u00f3\u017caniec na zako\u0144czenie adoracji przed Msz\u0105.<\/p>\n\n\n\n<p>6. We czwartek o 19.00 w salce zbi\u00f3rka wszystkich ministrant\u00f3w.<\/p>\n\n\n\n<p>7. W pi\u0105tek wspomnienie urodzonego w Rzeszowie b\u0142. ks. Jana Balickiego.<\/p>\n\n\n\n<p>8. W pi\u0105tek spotkania oazy: 16.30 \u2013 m\u0142odsza, 19.00 \u2013 starsza.<\/p>\n\n\n\n<p>9. W sobot\u0119 o 10.00 spotkanie scholii.<\/p>\n\n\n\n<p>10. W niedziel\u0119 o godz. 13.00 Msza \u015bw. transmitowana przez TV Polonia. Zapraszamy. Nie b\u0119dzie Mszy o godz. 12.00.<\/p>\n\n\n\n<p>11. B\u00f3g zap\u0142a\u0107 za ofiary na sprz\u0105tanie ko\u015bcio\u0142a. W tym tygodniu prosimy rodziny z ul. Pole\u015bnej: numery nieparzyste od 1 do 61 i numery parzyste od 10 do 56a: 1, 3, 9, 10, 11,12, 13, 15, 17, 19, 21, 25, 26, 28, 31, 32, 33, 39c, 41, 44, 46, 55, 56, 56a, 59, 61.<\/p>\n\n\n\n<p>12. Bardzo serdecznie dzi\u0119kujemy za obecno\u015b\u0107 w naszej parafii, za pos\u0142ug\u0119 s\u0142owa i za po\u015bwi\u0119cenie pomnika \u015bw. Szarbela ks. Fabio Loutfi, kt\u00f3ry jest kap\u0142anem obrz\u0105dku maronickiego. Prowadzi duszpasterstwo maronit\u00f3w w Polsce.<\/p>\n\n\n\n<p>13. Pomys\u0142odawc\u0105 postawienia pomnika \u015bw. Szarbela jest nasz parafianin Jacek Kotula, kt\u00f3ry wraz z Bart\u0142omiejem Sarn\u0105 ze Zwi\u0119czycy jest jego fundatorem. Serdecznie dzi\u0119kujemy. Wykonawc\u0105 pomnika w piaskowcu jest artysta Jan Pastuszka z J\u00f3zefowa. Szczeg\u00f3\u0142y podamy w pierwszej po\u0142owie listopada.<\/p>\n\n\n\n<p>W dniach od 19 do27 sierpnia 2026 r. planowana jest parafialna pielgrzymka do Libanu \u015bladami \u015bw. Szarbela.<\/p>\n\n\n\n<p>14. W dniach od 5 listopada do 8 grudnia b\u0119d\u0105 w naszej parafii 33 dniowe Rekolekcje Oddania. Zamieszczane codziennie na FB oko\u0142o 10 minutowe rozwa\u017cania b\u0119d\u0105 si\u0119 opiera\u0142y na \u017cyciu i nauczaniu s\u0142ugi Bo\u017cego Wenantego Katarzy\u0144ca, kt\u00f3rego gr\u00f3b znajduje si\u0119 w Kalwarii Pac\u0142awskiej. Zach\u0119camy do udzia\u0142u w tych rekolekcjach. W ich intencjach modl\u0105 si\u0119 ju\u017c siostry karmelitanki w Reykjaviku w Islandii i w Tromso w Norwegii. Zamieszczony jest na FB nowy filmik o Wenantym, tak\u017ce modlitwy: <a href=\"https:\/\/l.facebook.com\/l.php?u=https%3A%2F%2Fwww.youtube.com%2Fwatch%3Fv%3DHU0HAzjp7OU%26fbclid%3DIwZXh0bgNhZW0CMTAAYnJpZBEwd1g2OFBnRE1CT0VIck9zUwEeigHOowKpPMkY-Pl8xZi7pH18cNZHs02wfWkyTJqVWYvTYWK5d2zti9a9LLM_aem_NLaJaBN1tJYryotWzHuahg&amp;h=AT3ww6Zl8AIbPFnWImRs_4l3mn2ILQ3L4WC9bbFnn6wjbkmNk2ZgCKpxl_zlru91rYbd1yuJPNd0yRBdHsM7VGFrO1ZcFmrN-8qw4gAqlusCuJY6JVzCU4y12hPp8te9HrOYznHb8Kkwb28Q&amp;__tn__=-UK-R&amp;c[0]=AT2mBiUGDSZZK-akVKfDE9oUqmgQJYfDqbIqc3D2YQW21O10APRj4wbFz0JT2zrtnfTlMajrSh1E42iND6wAAMnMPlggzQl31wEPu6PnLKYL1F_6DIaNbH-aK8LJZtWS2HlA_e9V0DrhU45QG8HUyXcWF4aLRNNCqT0ibW899gLb_a_5W6aK2vIph5wgOQYouXCpw5y1RRjs-a7EBbqsZoGpVg\" rel=\"noreferrer noopener\" target=\"_blank\">https:\/\/www.youtube.com\/watch?v=HU0HAzjp7OU<\/a><\/p>\n","protected":false},"excerpt":{"rendered":"<p>&#8230;<\/p>\n","protected":false},"author":1,"featured_media":9265,"comment_status":"closed","ping_status":"","sticky":false,"template":"","format":"standard","meta":{"ngg_post_thumbnail":0,"footnotes":""},"categories":[13],"tags":[],"class_list":["post-9897","post","type-post","status-publish","format-standard","has-post-thumbnail","hentry","category-newsy"],"_links":{"self":[{"href":"https:\/\/mbsniezna.rzeszow.pl\/index.php\/wp-json\/wp\/v2\/posts\/9897","targetHints":{"allow":["GET"]}}],"collection":[{"href":"https:\/\/mbsniezna.rzeszow.pl\/index.php\/wp-json\/wp\/v2\/posts"}],"about":[{"href":"https:\/\/mbsniezna.rzeszow.pl\/index.php\/wp-json\/wp\/v2\/types\/post"}],"author":[{"embeddable":true,"href":"https:\/\/mbsniezna.rzeszow.pl\/index.php\/wp-json\/wp\/v2\/users\/1"}],"replies":[{"embeddable":true,"href":"https:\/\/mbsniezna.rzeszow.pl\/index.php\/wp-json\/wp\/v2\/comments?post=9897"}],"version-history":[{"count":1,"href":"https:\/\/mbsniezna.rzeszow.pl\/index.php\/wp-json\/wp\/v2\/posts\/9897\/revisions"}],"predecessor-version":[{"id":9898,"href":"https:\/\/mbsniezna.rzeszow.pl\/index.php\/wp-json\/wp\/v2\/posts\/9897\/revisions\/9898"}],"wp:featuredmedia":[{"embeddable":true,"href":"https:\/\/mbsniezna.rzeszow.pl\/index.php\/wp-json\/wp\/v2\/media\/9265"}],"wp:attachment":[{"href":"https:\/\/mbsniezna.rzeszow.pl\/index.php\/wp-json\/wp\/v2\/media?parent=9897"}],"wp:term":[{"taxonomy":"category","embeddable":true,"href":"https:\/\/mbsniezna.rzeszow.pl\/index.php\/wp-json\/wp\/v2\/categories?post=9897"},{"taxonomy":"post_tag","embeddable":true,"href":"https:\/\/mbsniezna.rzeszow.pl\/index.php\/wp-json\/wp\/v2\/tags?post=9897"}],"curies":[{"name":"wp","href":"https:\/\/api.w.org\/{rel}","templated":true}]}}