{"id":9899,"date":"2025-10-19T06:34:06","date_gmt":"2025-10-19T04:34:06","guid":{"rendered":"https:\/\/mbsniezna.rzeszow.pl\/?p=9899"},"modified":"2025-10-19T06:34:06","modified_gmt":"2025-10-19T04:34:06","slug":"intencje-mszalne-od-20-do-26-pazdziernika-2025-r","status":"publish","type":"post","link":"https:\/\/mbsniezna.rzeszow.pl\/index.php\/2025\/10\/19\/intencje-mszalne-od-20-do-26-pazdziernika-2025-r\/","title":{"rendered":"INTENCJE MSZALNE OD 20 DO 26 PA\u0179DZIERNIKA 2025 R."},"content":{"rendered":"\n<p>Poniedzia\u0142ek 20 pa\u017adziernika<\/p>\n\n\n\n<p><a><\/a>7.00 O zdrowie dla ks. Leszka Doparta<\/p>\n\n\n\n<p>18.00 +J\u00f3zef, +Kazimierz, W\u0142adys\u0142aw, +Stanis\u0142aw Tobiasz, ++ z rodziny<\/p>\n\n\n\n<p>18.00 +Stefania, +Wiktor, +Antoni T\u0142uczek<\/p>\n\n\n\n<p>*+Janusz Mucha (20)<\/p>\n\n\n\n<p>*+ks. Mieczys\u0142aw Szeptycki od Magdaleny Mularz z rodzin\u0105 (RPA)<\/p>\n\n\n\n<p>Wtorek 21 pa\u017adziernika<\/p>\n\n\n\n<p>7.00 O Bo\u017ce b\u0142ogos\u0142awie\u0144stwo dla pielgrzym\u00f3w do Cz\u0119stochowy i ich rodzin<\/p>\n\n\n\n<p>18.00 O Bo\u017ce b\u0142ogos\u0142awie\u0144stwo dla Lucyny i Adama w 30 rocznic\u0119 \u015blubu<\/p>\n\n\n\n<p>18.00 +J\u00f3zef Solecki, +Maria, +Mieczys\u0142aw<\/p>\n\n\n\n<p>*+Janusz Mucha (21)<\/p>\n\n\n\n<p>*+Kazimierz Marciniak od Piotra Dul z rodzin\u0105 (RPA)<\/p>\n\n\n\n<p>\u015aroda 22 pa\u017adziernika<\/p>\n\n\n\n<p>7.00 O Bo\u017ce b\u0142ogos\u0142awie\u0144stwo dla pielgrzym\u00f3w do Cz\u0119stochowy i ich rodzin<\/p>\n\n\n\n<p>18.00 +Maria<\/p>\n\n\n\n<p>18.00 +J\u00f3zef Kuc, ++ z rodziny<\/p>\n\n\n\n<p>*+Janusz Mucha (22)<\/p>\n\n\n\n<p>*+Teofila Giba\u0142a od rodziny Cyrnek (RPA)<\/p>\n\n\n\n<p>Czwartek 23 pa\u017adziernika<\/p>\n\n\n\n<p>7.00 O Bo\u017ce b\u0142ogos\u0142awie\u0144stwo dla pielgrzym\u00f3w do Cz\u0119stochowy i ich rodzin<\/p>\n\n\n\n<p>18.00 O zdrowie, o Bo\u017ce b\u0142ogos\u0142awie\u0144stwo i Bo\u017ca opiek\u0119 w rodzinach<\/p>\n\n\n\n<p>18.00 +Maria Zimierowicz (11 rocz.)<\/p>\n\n\n\n<p>*+Janusz Mucha (23)<\/p>\n\n\n\n<p>*+Emilia Ko\u015bci\u00f3\u0142ek od rodziny Jamr\u00f3z (RPA)<\/p>\n\n\n\n<p>Pi\u0105tek 24 pa\u017adziernika<\/p>\n\n\n\n<p>7.00 O Bo\u017ce b\u0142ogos\u0142awie\u0144stwo dla pielgrzym\u00f3w do Cz\u0119stochowy i ich rodzin<\/p>\n\n\n\n<p>18.00 +Maria Gliwa (1 rocz.)<\/p>\n\n\n\n<p>18.00 +Zdzis\u0142aw G\u0142odowski (1 rocz.) od \u017cony<\/p>\n\n\n\n<p>*+Janusz Mucha (24)<\/p>\n\n\n\n<p>*+Emilia Ko\u015bci\u00f3\u0142ek od Jana Biedy z Lubeni (RPA)<\/p>\n\n\n\n<p>Sobota 25 pa\u017adziernika<\/p>\n\n\n\n<p>7.00 O Bo\u017ce b\u0142ogos\u0142awie\u0144stwo dla pielgrzym\u00f3w do Cz\u0119stochowy i ich rodzin<\/p>\n\n\n\n<p>18.00 +Jan, +Helena Dudek<\/p>\n\n\n\n<p>18.00 +Emil, +Mariusz Piz\u0142o<\/p>\n\n\n\n<p>18.00 ++ z rodziny Komisarzy<\/p>\n\n\n\n<p>*+Janusz Mucha (25)<\/p>\n\n\n\n<p>*+Teofila Giba\u0142a od rodziny Tonder\u00f3w<\/p>\n\n\n\n<p>Niedziela 26 pa\u017adziernika<\/p>\n\n\n\n<p>7.00 O b\u0142og. Boze dla Olgi i Jerzego Kotula w 56 rocznic\u0119 \u015blubu<\/p>\n\n\n\n<p>7.00 +Wies\u0142awa, +Stanis\u0142aw Piekie\u0142ek, +Gra\u017cyna Paluch<\/p>\n\n\n\n<p>9.00 +Mieczys\u0142aw, +Anna Grzebyk od s\u0105siad\u00f3w z Por\u0105bek<\/p>\n\n\n\n<p>*+Janusz Mucha (26)<\/p>\n\n\n\n<p>*+Kazimierz Marciniak od Antoniego Tondera (RPA)<\/p>\n\n\n\n<p>10.30 +Jan Snela (23 rocz.)<\/p>\n\n\n\n<p>13.00 Za parafian \u017cywych i zmar\u0142ych<\/p>\n\n\n\n<p>16.00 +Tadeusz, +Wiktoria, +J\u00f3zef S\u0142owik<\/p>\n\n\n\n<p>18.00 +Janusz B\u0142o\u0144ski (11 rocz.)<\/p>\n","protected":false},"excerpt":{"rendered":"<p>&#8230;<\/p>\n","protected":false},"author":1,"featured_media":7666,"comment_status":"closed","ping_status":"","sticky":false,"template":"","format":"standard","meta":{"ngg_post_thumbnail":0,"footnotes":""},"categories":[13],"tags":[],"class_list":["post-9899","post","type-post","status-publish","format-standard","has-post-thumbnail","hentry","category-newsy"],"_links":{"self":[{"href":"https:\/\/mbsniezna.rzeszow.pl\/index.php\/wp-json\/wp\/v2\/posts\/9899","targetHints":{"allow":["GET"]}}],"collection":[{"href":"https:\/\/mbsniezna.rzeszow.pl\/index.php\/wp-json\/wp\/v2\/posts"}],"about":[{"href":"https:\/\/mbsniezna.rzeszow.pl\/index.php\/wp-json\/wp\/v2\/types\/post"}],"author":[{"embeddable":true,"href":"https:\/\/mbsniezna.rzeszow.pl\/index.php\/wp-json\/wp\/v2\/users\/1"}],"replies":[{"embeddable":true,"href":"https:\/\/mbsniezna.rzeszow.pl\/index.php\/wp-json\/wp\/v2\/comments?post=9899"}],"version-history":[{"count":1,"href":"https:\/\/mbsniezna.rzeszow.pl\/index.php\/wp-json\/wp\/v2\/posts\/9899\/revisions"}],"predecessor-version":[{"id":9900,"href":"https:\/\/mbsniezna.rzeszow.pl\/index.php\/wp-json\/wp\/v2\/posts\/9899\/revisions\/9900"}],"wp:featuredmedia":[{"embeddable":true,"href":"https:\/\/mbsniezna.rzeszow.pl\/index.php\/wp-json\/wp\/v2\/media\/7666"}],"wp:attachment":[{"href":"https:\/\/mbsniezna.rzeszow.pl\/index.php\/wp-json\/wp\/v2\/media?parent=9899"}],"wp:term":[{"taxonomy":"category","embeddable":true,"href":"https:\/\/mbsniezna.rzeszow.pl\/index.php\/wp-json\/wp\/v2\/categories?post=9899"},{"taxonomy":"post_tag","embeddable":true,"href":"https:\/\/mbsniezna.rzeszow.pl\/index.php\/wp-json\/wp\/v2\/tags?post=9899"}],"curies":[{"name":"wp","href":"https:\/\/api.w.org\/{rel}","templated":true}]}}