{"id":9918,"date":"2025-11-16T19:34:29","date_gmt":"2025-11-16T18:34:29","guid":{"rendered":"https:\/\/mbsniezna.rzeszow.pl\/?p=9918"},"modified":"2025-11-16T19:34:29","modified_gmt":"2025-11-16T18:34:29","slug":"xxxiii-niedziela-zwykla-16-listopada-2025-r","status":"publish","type":"post","link":"https:\/\/mbsniezna.rzeszow.pl\/index.php\/2025\/11\/16\/xxxiii-niedziela-zwykla-16-listopada-2025-r\/","title":{"rendered":"XXXIII NIEDZIELA ZWYK\u0141A \u2013 16 listopada 2025 r."},"content":{"rendered":"\n<p><\/p>\n\n\n\n<p><a><\/a>1. W tygodniu po Mszy wieczornej wypominki za zmar\u0142ych.<\/p>\n\n\n\n<p>2. W poniedzia\u0142ek wspomnienie \u015bw. El\u017cbiety W\u0119gierskiej.<\/p>\n\n\n\n<p>3. We wtorek wspomnienie b\u0142. Karoliny K\u00f3zka \u2013 patronki diecezji.<\/p>\n\n\n\n<p>4. We wtorek o 16.30 zbi\u00f3rka kandydat\u00f3w na ministrant\u00f3w \u2013 zapraszamy ch\u0142opc\u00f3w od klasy IV.<\/p>\n\n\n\n<p>5. We wtorek o 19.00 katecheza dla doros\u0142ych.<\/p>\n\n\n\n<p>6. W \u015brod\u0119 o 17.30 r\u00f3\u017caniec o poszanowanie \u017cycia. Zapraszamy cz\u0142onk\u00f3w duchowej adopcji.<\/p>\n\n\n\n<p>7. We \u015brod\u0119 o 19.00 spotkanie kandydat\u00f3w do bierzmowania &#8211; klasa VIIIc i ucz\u0119szczaj\u0105cy do szk\u00f3\u0142 poza parafi\u0105.<\/p>\n\n\n\n<p>8. We czwartek wspomnienie \u015bw. Rafa\u0142a Kalinowskiego.<\/p>\n\n\n\n<p>9. We czwartek od 17.15 adoracja i mo\u017cliwo\u015b\u0107 spowiedzi.<\/p>\n\n\n\n<p>10. We czwartek o 19.00 zbi\u00f3rka wszystkich ministrant\u00f3w.<\/p>\n\n\n\n<p>11. W pi\u0105tek wspomnienie Ofiarowania NMP.<\/p>\n\n\n\n<p>12. W pi\u0105tek spotkania oazy: 16.30 oaza m\u0142odsza, 19.00 oaza starsza.<\/p>\n\n\n\n<p>13. W pi\u0105tek na modlitw\u0119 zapraszamy cz\u0142onk\u00f3w Koronki za Konaj\u0105cych.<\/p>\n\n\n\n<p>14. W sobot\u0119 wspomnienie \u015bw. Cecylii \u2013 o godz. 10.00 pr\u00f3ba scholi.<\/p>\n\n\n\n<p>15. W przysz\u0142\u0105 niedziel\u0119 Uroczysto\u015b\u0107 Chrystusa Kr\u00f3la Wszech\u015bwiata, na Mszy o 9.00 przyj\u0119cie 13 nowych scholanek.<\/p>\n\n\n\n<p>16. W przysz\u0142a niedziel\u0119 prosimy o sk\u0142adk\u0119 na cele inwestycyjne.<\/p>\n\n\n\n<p>17. B\u00f3g zap\u0142a\u0107 za ofiary na sprz\u0105tanie ko\u015bcio\u0142a. W tym tygodniu prosimy rodziny z ulic Nadziei i Liliowej\u2013 ca\u0142o\u015b\u0107 (Nadziei: 15, 17, 22, 34, 44, 46, 56, 57, 61, 71, 79, 82; Liliowa:1, 3, 5, 6, 9, 11, 13a, 13b, 15a, 17, 29).<\/p>\n\n\n\n<p>18. Dzisiaj o 14.00 w Domu Kultury Budziw\u00f3j wybory do Rady Osiedla. Zapraszamy do licznego udzia\u0142u.<\/p>\n\n\n\n<p>19. Dzisiaj o 17.00 w Domu Kultury Country Koncert z racji \u015awi\u0119ta Niepodleg\u0142o\u015bci.<\/p>\n\n\n\n<p>20. Jest nowy numer darmowej gazety \u201eDobre nowiny\u201d .<\/p>\n\n\n\n<p>21. W przysz\u0142ym roku organizowane s\u0105 parafialne pielgrzymki do Libanu szlakiem \u015bw. Szarbela. S\u0105 jeszcze wolne miejsca w terminie od 17 do 25 czerwca. Wylot z Warszawy do Bejrutu, koszt 2650 z\u0142 i 800$. Zapisy i informacje pod telefonem 698 337 762. Zapraszamy.<\/p>\n","protected":false},"excerpt":{"rendered":"<p>&#8230;<\/p>\n","protected":false},"author":1,"featured_media":8276,"comment_status":"closed","ping_status":"","sticky":false,"template":"","format":"standard","meta":{"ngg_post_thumbnail":0,"footnotes":""},"categories":[13],"tags":[],"class_list":["post-9918","post","type-post","status-publish","format-standard","has-post-thumbnail","hentry","category-newsy"],"_links":{"self":[{"href":"https:\/\/mbsniezna.rzeszow.pl\/index.php\/wp-json\/wp\/v2\/posts\/9918","targetHints":{"allow":["GET"]}}],"collection":[{"href":"https:\/\/mbsniezna.rzeszow.pl\/index.php\/wp-json\/wp\/v2\/posts"}],"about":[{"href":"https:\/\/mbsniezna.rzeszow.pl\/index.php\/wp-json\/wp\/v2\/types\/post"}],"author":[{"embeddable":true,"href":"https:\/\/mbsniezna.rzeszow.pl\/index.php\/wp-json\/wp\/v2\/users\/1"}],"replies":[{"embeddable":true,"href":"https:\/\/mbsniezna.rzeszow.pl\/index.php\/wp-json\/wp\/v2\/comments?post=9918"}],"version-history":[{"count":1,"href":"https:\/\/mbsniezna.rzeszow.pl\/index.php\/wp-json\/wp\/v2\/posts\/9918\/revisions"}],"predecessor-version":[{"id":9919,"href":"https:\/\/mbsniezna.rzeszow.pl\/index.php\/wp-json\/wp\/v2\/posts\/9918\/revisions\/9919"}],"wp:featuredmedia":[{"embeddable":true,"href":"https:\/\/mbsniezna.rzeszow.pl\/index.php\/wp-json\/wp\/v2\/media\/8276"}],"wp:attachment":[{"href":"https:\/\/mbsniezna.rzeszow.pl\/index.php\/wp-json\/wp\/v2\/media?parent=9918"}],"wp:term":[{"taxonomy":"category","embeddable":true,"href":"https:\/\/mbsniezna.rzeszow.pl\/index.php\/wp-json\/wp\/v2\/categories?post=9918"},{"taxonomy":"post_tag","embeddable":true,"href":"https:\/\/mbsniezna.rzeszow.pl\/index.php\/wp-json\/wp\/v2\/tags?post=9918"}],"curies":[{"name":"wp","href":"https:\/\/api.w.org\/{rel}","templated":true}]}}