{"id":9920,"date":"2025-11-16T19:35:30","date_gmt":"2025-11-16T18:35:30","guid":{"rendered":"https:\/\/mbsniezna.rzeszow.pl\/?p=9920"},"modified":"2025-11-16T19:35:30","modified_gmt":"2025-11-16T18:35:30","slug":"intencje-mszalne-od-17-do-23-listopada-2025-r","status":"publish","type":"post","link":"https:\/\/mbsniezna.rzeszow.pl\/index.php\/2025\/11\/16\/intencje-mszalne-od-17-do-23-listopada-2025-r\/","title":{"rendered":"INTENCJE MSZALNE OD 17 DO 23 LISTOPADA 2025 R."},"content":{"rendered":"\n<p>Poniedzia\u0142ek 17 listopada<\/p>\n\n\n\n<p><a><\/a>7.00 +El\u017cbieta Mleczko<\/p>\n\n\n\n<p>7.00 +Czes\u0142aw Rojek od Romana i El\u017cbiety Ko\u015bci\u00f3\u0142ek<\/p>\n\n\n\n<p>18.00 Dzi\u0119kczynna i o Bo\u017ce b\u0142ogos\u0142awie\u0144stwo dla Marii i Ignacego w 60 lecie \u015blubu<\/p>\n\n\n\n<p>18.00 +Edward, +Zofia, +Les\u0142aw Pa\u015bko<\/p>\n\n\n\n<p>*+Krzysztof Urbanek od Ma\u0142gorzaty Bieniarz z rodzin\u0105 (J\u0119drzej\u00f3w)<\/p>\n\n\n\n<p>*+Waldemar Matejek od przyjaci\u00f3\u0142 z Senatorskiej (RPA)<\/p>\n\n\n\n<p>*+Ks. Mieczys\u0142aw Szeptycki od rodziny Buma\u017cnik z Piechowic (Syberia)<\/p>\n\n\n\n<p>*+Stanis\u0142aw Chmiel (17)<\/p>\n\n\n\n<p>Wtorek 18 listopada<\/p>\n\n\n\n<p>7.00 +Zofia Grzebyk od c\u00f3rki Marii z m\u0119\u017cem (2 rocz.)<\/p>\n\n\n\n<p>7.00 +Maria Borowiec od siostrze\u0144ca Piotra i siostrzenicy Gosi<\/p>\n\n\n\n<p>18.00 O zdrowie dla Marty i b\u0142ogos\u0142awie\u0144stwo Bo\u017ce dla rodziny<\/p>\n\n\n\n<p>18.00 Dzi\u0119kczynna i o Bo\u017ce b\u0142og. i opiek\u0119 Matki Bo\u017cej dla Paw\u0142a z okazji 35 urodzin od rodzic\u00f3w<\/p>\n\n\n\n<p>18.00 +Aniela Jasi\u0144ska<\/p>\n\n\n\n<p>*+Krzysztof Urbanek od rodziny Saneckich (J\u0119drzej\u00f3w)<\/p>\n\n\n\n<p>*+Stanis\u0142awa Tobiasz od wnuczki Agaty (RPA)<\/p>\n\n\n\n<p>*+ks. Mieczys\u0142aw Szeptycki od rodziny Wa\u0142ach z Pstr\u0105gowej (Syberia)<\/p>\n\n\n\n<p>\u015aroda 19 listopada<\/p>\n\n\n\n<p>7.00 +Zofia Grzebyk od syna Andrzeja z \u017con\u0105<\/p>\n\n\n\n<p>18.00 O zdrowie, Bo\u017ce b\u0142ogos\u0142awie\u0144stwo i opiek\u0119 Matki Bo\u017cej dla Mi\u0142osza w 2 urodziny<\/p>\n\n\n\n<p>18.00 +Stanis\u0142aw Turek od koleg\u00f3w i kole\u017canek z pracy<\/p>\n\n\n\n<p>18.00 +Helena, +Jan Biestek (21 rocz.), +Zofia, +J\u00f3zef Kukla<\/p>\n\n\n\n<p>*+Krzysztof Urbanek od szwagra Andrzeja z rodzin\u0105 (J\u0119drzej\u00f3w)<\/p>\n\n\n\n<p>*+Edward Kyc od rodziny Ryba (RPA)<\/p>\n\n\n\n<p>*+ks. Mieczys\u0142aw Szeptycki od rodziny \u015arodoni\u00f3w z Pstr\u0105gowej (Syberia)<\/p>\n\n\n\n<p>*+Stanis\u0142aw Chmiel (19)<\/p>\n\n\n\n<p>Czwartek 20 listopada<\/p>\n\n\n\n<p>7.00 +Zofia Grzebyk od brata J\u00f3zefa<\/p>\n\n\n\n<p>18.00 +Stanis\u0142aw Chmiel od siostrzenicy Jadwigi z rodzin\u0105 z Kanady<\/p>\n\n\n\n<p>18.00 +Zofia Piasecka, +Wiktoria Miciuda<\/p>\n\n\n\n<p>18.00 +Jan \u0141yskowski (5 rocz.)<\/p>\n\n\n\n<p>*+Mieczys\u0142aw \u017burek od Ma\u0142gorzaty Fornal z rodzin\u0105 (J\u0119drzej\u00f3w)<\/p>\n\n\n\n<p>*+Janusz G\u0142odowski od Jacka Kyc kolegi syna Marcina (Mo\u0142dawia)<\/p>\n\n\n\n<p>*+Bronis\u0142aw Duma od Zofii i Jerzego Kalita (RPA)<\/p>\n\n\n\n<p>*+Maria Mazur od rodziny Grzebyk (Syberia)<\/p>\n\n\n\n<p>*+Stanis\u0142aw Chmiel (20)<\/p>\n\n\n\n<p>Pi\u0105tek 21 listopada<\/p>\n\n\n\n<p>7.00 ++ polecani w tegorocznych wypominkach<\/p>\n\n\n\n<p>18.00 +Stanis\u0142aw Chmiel od siostrzenicy Jadwigi z rodzin\u0105 z Kanady<\/p>\n\n\n\n<p>18.00 +Rudolf Trzuskott, ++ z rodziny Trzuskot od rodziny Wo\u017anic\u00f3w<\/p>\n\n\n\n<p>18.00 +Zofia Grzebyk od syna Andrzeja z \u017con\u0105<\/p>\n\n\n\n<p>*+Mieczys\u0142aw \u017burek od rodziny Skiba (J\u0119drzej\u00f3w)<\/p>\n\n\n\n<p>*+Janusz G\u0142odowski od koleg\u00f3w z Budziwoja syna Jakuba (Mo\u0142dawia)<\/p>\n\n\n\n<p>*+Alina Borowiec od Leszka Borowiec z rodzin\u0105 (RPA)<\/p>\n\n\n\n<p>*+Maria Mazur od rodziny Witk\u00f3w (Syberia)<\/p>\n\n\n\n<p>*+Stanis\u0142aw Chmiel (21)<\/p>\n\n\n\n<p>Sobota 22 listopada<\/p>\n\n\n\n<p>7.00 O Bo\u017ce b\u0142ogos\u0142awie\u0144stwo i opiek\u0119 Matki Bo\u017cej dla Darii w 1 urodziny<\/p>\n\n\n\n<p>7.00 +Zenon Piekarz od c\u00f3rki Aliny.<\/p>\n\n\n\n<p>18.00 Dzi\u0119kczynna w 50 urodziny Beaty, o zdrowie i Bo\u017ce b\u0142ogos\u0142awie\u0144stwo<\/p>\n\n\n\n<p>18.00 +Barbara Otto od kole\u017canek i koleg\u00f3w pracy<\/p>\n\n\n\n<p>18.00 +Janusz G\u0142odowski od \u017cony Marty<\/p>\n\n\n\n<p>*+Danuta Ka\u0142ucka od Antoniny Rozmus (J\u0119drzej\u00f3w)<\/p>\n\n\n\n<p>*+Janusz G\u0142odowski od Urszuli Szpila (Mo\u0142dawia)<\/p>\n\n\n\n<p>*+Zofia Witek od rodziny Wi\u015bniowskich (RPA)<\/p>\n\n\n\n<p>*+Bogus\u0142awa Jamr\u00f3z od rodziny Drza\u0142 z Lipia (Syberia)<\/p>\n\n\n\n<p>*+Stanis\u0142aw Chmiel (22)<\/p>\n\n\n\n<p>Niedziela 23 listopada<\/p>\n\n\n\n<p>7.00 +Dariusz Wac\u0142awek w dniu urodzin od mamy<\/p>\n\n\n\n<p>9.00 +Dariusz Wac\u0142awek w dniu urodzin od \u017cony z synami<\/p>\n\n\n\n<p>*+Danuta Ka\u0142ucka od chrze\u015bniaka Rozmusa (J\u0119drzej\u00f3w)<\/p>\n\n\n\n<p>*+Janusz G\u0142odowski od rodziny Jamr\u00f3z (Mo\u0142dawia)<\/p>\n\n\n\n<p>*+Zdzis\u0142aw G\u0142odowski od rodziny Kuziel\u00f3w (RPA)<\/p>\n\n\n\n<p>*+Eugeniusz Nitka od rodziny Krup\u00f3w (Syberia)<\/p>\n\n\n\n<p>*+Stanis\u0142aw Chmiel (23)<\/p>\n\n\n\n<p>10.30 +Teresa, +Stefan Garbacz<\/p>\n\n\n\n<p>12.00 Za parafian \u017cywych i zmar\u0142ych<\/p>\n\n\n\n<p>16.00 +W\u0142adys\u0142aw Szwed (6 rocz.), +Czes\u0142awa<\/p>\n\n\n\n<p>18.00 Dzi\u0119kczynna za otrzymane \u0142aski, o dalsze Bo\u017ce b\u0142ogos\u0142awie\u0144stwo, opiek\u0119 Matki Bo\u017cej i \u0142ask\u0119 zdrowia dla Joanny i Marcina Warcho\u0142 oraz ich dzieci w 12 rocznic\u0119 \u015blubu<\/p>\n","protected":false},"excerpt":{"rendered":"<p>&#8230;<\/p>\n","protected":false},"author":1,"featured_media":7666,"comment_status":"closed","ping_status":"","sticky":false,"template":"","format":"standard","meta":{"ngg_post_thumbnail":0,"footnotes":""},"categories":[13],"tags":[],"class_list":["post-9920","post","type-post","status-publish","format-standard","has-post-thumbnail","hentry","category-newsy"],"_links":{"self":[{"href":"https:\/\/mbsniezna.rzeszow.pl\/index.php\/wp-json\/wp\/v2\/posts\/9920","targetHints":{"allow":["GET"]}}],"collection":[{"href":"https:\/\/mbsniezna.rzeszow.pl\/index.php\/wp-json\/wp\/v2\/posts"}],"about":[{"href":"https:\/\/mbsniezna.rzeszow.pl\/index.php\/wp-json\/wp\/v2\/types\/post"}],"author":[{"embeddable":true,"href":"https:\/\/mbsniezna.rzeszow.pl\/index.php\/wp-json\/wp\/v2\/users\/1"}],"replies":[{"embeddable":true,"href":"https:\/\/mbsniezna.rzeszow.pl\/index.php\/wp-json\/wp\/v2\/comments?post=9920"}],"version-history":[{"count":1,"href":"https:\/\/mbsniezna.rzeszow.pl\/index.php\/wp-json\/wp\/v2\/posts\/9920\/revisions"}],"predecessor-version":[{"id":9921,"href":"https:\/\/mbsniezna.rzeszow.pl\/index.php\/wp-json\/wp\/v2\/posts\/9920\/revisions\/9921"}],"wp:featuredmedia":[{"embeddable":true,"href":"https:\/\/mbsniezna.rzeszow.pl\/index.php\/wp-json\/wp\/v2\/media\/7666"}],"wp:attachment":[{"href":"https:\/\/mbsniezna.rzeszow.pl\/index.php\/wp-json\/wp\/v2\/media?parent=9920"}],"wp:term":[{"taxonomy":"category","embeddable":true,"href":"https:\/\/mbsniezna.rzeszow.pl\/index.php\/wp-json\/wp\/v2\/categories?post=9920"},{"taxonomy":"post_tag","embeddable":true,"href":"https:\/\/mbsniezna.rzeszow.pl\/index.php\/wp-json\/wp\/v2\/tags?post=9920"}],"curies":[{"name":"wp","href":"https:\/\/api.w.org\/{rel}","templated":true}]}}