{"id":9922,"date":"2025-11-22T17:00:31","date_gmt":"2025-11-22T16:00:31","guid":{"rendered":"https:\/\/mbsniezna.rzeszow.pl\/?p=9922"},"modified":"2025-11-22T17:00:31","modified_gmt":"2025-11-22T16:00:31","slug":"xxxiv-niedziela-zwykla-uroczystosc-chrystusa-krola","status":"publish","type":"post","link":"https:\/\/mbsniezna.rzeszow.pl\/index.php\/2025\/11\/22\/xxxiv-niedziela-zwykla-uroczystosc-chrystusa-krola\/","title":{"rendered":"XXXIV NIEDZIELA ZWYK\u0141A \u2013 UROCZYSTO\u015a\u0106 CHRYSTUSA KR\u00d3LA"},"content":{"rendered":"\n<p>23 listopada 2025 r.<\/p>\n\n\n\n<p><a><\/a>1. W tygodniu wypominki za zmar\u0142ych po Mszy porannej i wieczornej.<\/p>\n\n\n\n<p>2. We wtorek o 16.30 zbi\u00f3rka kandydat\u00f3w na ministrant\u00f3w.<\/p>\n\n\n\n<p>3. Spotkania dla dzieci komunijnych i ich rodzic\u00f3w: we wtorek klasy IIIa i III b, a we \u015brod\u0119 IIIc i IIId. Spotkania rozpoczn\u0105 si\u0119 Msz\u0105 \u015bw. o godz. 18.00, podczas kt\u00f3rej dzieci otrzymaj\u0105 medaliki, a po Mszy kr\u00f3tkie spotkanie organizacyjne.<\/p>\n\n\n\n<p>4. We czwartek od 17.15 adoracja i mo\u017cliwo\u015b\u0107 spowiedzi.<\/p>\n\n\n\n<p>5. We czwartek o 19.00 zbi\u00f3rka wszystkich ministrant\u00f3w.<\/p>\n\n\n\n<p>6. We czwartek wspomnienie Matki Bo\u017cej od Cudownego Medalika \u2013 zapraszamy czcicieli, na Mszy wieczornej medalik b\u0119dzie rozdawany.<\/p>\n\n\n\n<p>7. W pi\u0105tek dzie\u0144 modlitwy przez wstawiennictwo \u015bw. Szarbela.<\/p>\n\n\n\n<p>8. W pi\u0105tek spotkania oazy: o 16.30 m\u0142odsza, a o 19.00 starsza.<\/p>\n\n\n\n<p>9. W sobot\u0119 o 10.00 spotkanie scholi. Dzisiaj na Mszy \u015bw. o 9.00 zosta\u0142o przyj\u0119tych do scholii 13 nowych dziewczyn. Scholankom dzi\u0119kujemy za przynale\u017cno\u015b\u0107, s. Anieli za prowadzenie scholi, a rodzicom za pomoc.<\/p>\n\n\n\n<p>10. W sobot\u0119 w D\u0119bin\u00f3wce w godzinach od 17.00 do 21.00 b\u0119d\u0105 Parafialne Andrzejki dla dzieci i m\u0142odzie\u017cy z grup duszpasterskich.<\/p>\n\n\n\n<p>11. W sobot\u0119 rozpocz\u0119cie Nowenny przed uroczysto\u015bci\u0105 Niepokalanego Pocz\u0119cia NMP.<\/p>\n\n\n\n<p>12. W przysz\u0142\u0105 niedziel\u0119 prze\u017cywa\u0107 b\u0119dziemy 16 rocznic\u0119 \u015bmierci ks. pra\u0142ata Kazimierza Guzego \u2013 Msza \u015bw. w jego intencji b\u0119dzie o godz. 7.00.<\/p>\n\n\n\n<p>13. W przysz\u0142\u0105 niedziel\u0119 rozpoczyna si\u0119 okres adwentu.<\/p>\n\n\n\n<p>14. W przysz\u0142\u0105 niedziel\u0119 na Mszy \u015bw. o godz. 9.00 pi\u0119ciu ch\u0142opc\u00f3w po odpowiednim przygotowaniu b\u0119dzie uroczy\u015bcie przyj\u0119tych do grona ministrant\u00f3w. Ks. Szymonowi serdecznie dzi\u0119kujemy za prowadzenie ministrant\u00f3w i lektor\u00f3w.<\/p>\n\n\n\n<p>15. W przysz\u0142\u0105 niedziel\u0119 b\u0119dzie mo\u017cna ju\u017c nabywa\u0107 \u015bwiece Wigilijnego Dzie\u0142a Pomocy Dzieciom \u2013 du\u017ce po 20 z\u0142, a ma\u0142e po 10 z\u0142.<\/p>\n\n\n\n<p>16. B\u00f3g zap\u0142a\u0107 za ofiary na sprz\u0105tanie ko\u015bcio\u0142a. W tym tygodniu prosimy rodziny z ulicy Laskowej i ulicy Podlesie \u2013 w ca\u0142o\u015bci (ul. Laskowa: 5, 10, 12, 14; ul. Podlesie: 11, 16a, 16b, 16d, 16l, 16p, 16t, 16w, 19f).<\/p>\n\n\n\n<p>17. Serdecznie dzi\u0119kujemy Firmie S\u0142awka Pocz\u0105tka za od\u015bnie\u017cenie parking\u00f3w. B\u00f3g zap\u0142a\u0107.<\/p>\n\n\n\n<p>18. Od jutra nasi stra\u017cacy b\u0119d\u0105 roznosi\u0107 po domach nowe kalendarze. Prosimy o \u017cyczliwe przyj\u0119cie. Stra\u017cakom dzi\u0119kujemy za ich dzia\u0142alno\u015b\u0107.<\/p>\n\n\n\n<p>19. Z racji wspomnienia \u015bw. Miko\u0142aja organizowane jest wyj\u015bcie do kina dzieci i m\u0142odzie\u017cy z grup duszpasterskich. Zgody na wyjazd s\u0105 do odebrania w zakrystii. Na wyjazd zapisujemy si\u0119 poprzez formularz, kt\u00f3ry jest na parafialnym F B.<\/p>\n\n\n\n<p>20. Trwaj\u0105 zapisy na pielgrzymk\u0119 do Libanu szlakiem \u015bw. Szarbela w dniach od 17 do 25 czerwca. Zapisy i informacje pod telefonem 698 337 762. Zapraszamy.<\/p>\n","protected":false},"excerpt":{"rendered":"<p>&#8230;<\/p>\n","protected":false},"author":1,"featured_media":9265,"comment_status":"closed","ping_status":"","sticky":false,"template":"","format":"standard","meta":{"ngg_post_thumbnail":0,"footnotes":""},"categories":[13],"tags":[],"class_list":["post-9922","post","type-post","status-publish","format-standard","has-post-thumbnail","hentry","category-newsy"],"_links":{"self":[{"href":"https:\/\/mbsniezna.rzeszow.pl\/index.php\/wp-json\/wp\/v2\/posts\/9922","targetHints":{"allow":["GET"]}}],"collection":[{"href":"https:\/\/mbsniezna.rzeszow.pl\/index.php\/wp-json\/wp\/v2\/posts"}],"about":[{"href":"https:\/\/mbsniezna.rzeszow.pl\/index.php\/wp-json\/wp\/v2\/types\/post"}],"author":[{"embeddable":true,"href":"https:\/\/mbsniezna.rzeszow.pl\/index.php\/wp-json\/wp\/v2\/users\/1"}],"replies":[{"embeddable":true,"href":"https:\/\/mbsniezna.rzeszow.pl\/index.php\/wp-json\/wp\/v2\/comments?post=9922"}],"version-history":[{"count":1,"href":"https:\/\/mbsniezna.rzeszow.pl\/index.php\/wp-json\/wp\/v2\/posts\/9922\/revisions"}],"predecessor-version":[{"id":9923,"href":"https:\/\/mbsniezna.rzeszow.pl\/index.php\/wp-json\/wp\/v2\/posts\/9922\/revisions\/9923"}],"wp:featuredmedia":[{"embeddable":true,"href":"https:\/\/mbsniezna.rzeszow.pl\/index.php\/wp-json\/wp\/v2\/media\/9265"}],"wp:attachment":[{"href":"https:\/\/mbsniezna.rzeszow.pl\/index.php\/wp-json\/wp\/v2\/media?parent=9922"}],"wp:term":[{"taxonomy":"category","embeddable":true,"href":"https:\/\/mbsniezna.rzeszow.pl\/index.php\/wp-json\/wp\/v2\/categories?post=9922"},{"taxonomy":"post_tag","embeddable":true,"href":"https:\/\/mbsniezna.rzeszow.pl\/index.php\/wp-json\/wp\/v2\/tags?post=9922"}],"curies":[{"name":"wp","href":"https:\/\/api.w.org\/{rel}","templated":true}]}}