{"id":9924,"date":"2025-11-22T17:02:43","date_gmt":"2025-11-22T16:02:43","guid":{"rendered":"https:\/\/mbsniezna.rzeszow.pl\/?p=9924"},"modified":"2025-11-22T17:02:43","modified_gmt":"2025-11-22T16:02:43","slug":"intencje-mszalne-od-24-do-30-listopada-2025-r","status":"publish","type":"post","link":"https:\/\/mbsniezna.rzeszow.pl\/index.php\/2025\/11\/22\/intencje-mszalne-od-24-do-30-listopada-2025-r\/","title":{"rendered":"Intencje mszalne od 24 do 30 listopada 2025 r."},"content":{"rendered":"\n<p>Poniedzia\u0142ek 24 listopada<\/p>\n\n\n\n<p><a><\/a>7.00 +Tadeusz Szczygie\u0142 od rodziny Kozio\u0142kiewicz\u00f3w<\/p>\n\n\n\n<p>7.00 +Zofia, +Tomasz Jarosz, ++ z rodzin Jarosz\u00f3w i Bednark\u00f3w<\/p>\n\n\n\n<p>18.00 +Eugenia, +Stanis\u0142aw, +Janusz Kotula<\/p>\n\n\n\n<p>18.00 +Julia, +Antoni Kotula, +Rozalia, +Jan Bomba<\/p>\n\n\n\n<p>*+Zdzis\u0142aw Tabisz od S\u0142awomira Borowca (Ks. Piotr na rekolekcjach)<\/p>\n\n\n\n<p>*+Danuta Ka\u0142ucka od Janusza Ka\u0142uckiego (J\u0119drzej\u00f3w)<\/p>\n\n\n\n<p>*+Maria Gliwa od Adama Gliwy (RPA)<\/p>\n\n\n\n<p>*+Eugeniusz Nitka od rodziny Zuzak\u00f3w (Syberia)<\/p>\n\n\n\n<p>*+Janusz G\u0142odowski od rodziny Lomper (Mo\u0142dawia)<\/p>\n\n\n\n<p>*+Stanis\u0142aw Chmiel (24)<\/p>\n\n\n\n<p>Wtorek 25 listopada<\/p>\n\n\n\n<p>7.00 +Stanis\u0142aw Tabor, ++ z rodziny<\/p>\n\n\n\n<p>18.00 +Jan Pr\u0119dki<\/p>\n\n\n\n<p>18.00 +Katarzyna, +Stanis\u0142aw, +Mieczys\u0142aw Ko\u015bci\u00f3\u0142ek<\/p>\n\n\n\n<p>*+Zdzis\u0142aw Tabisz od Ireny Koc\u00f3j z rodzin\u0105 (ks. Piotr na rekolekcjach)<\/p>\n\n\n\n<p>*+Danuta Ka\u0142ucka od Witolda Rozmus (J\u0119drzej\u00f3w)<\/p>\n\n\n\n<p>*+Hubert Pr\u0119dki od Alicji T\u0142uczek (RPA)<\/p>\n\n\n\n<p>*+Edward Mazur od rodziny Borowiec z Lubeni (Syberia)<\/p>\n\n\n\n<p>*+Janusz G\u0142odowski od s\u0105siad\u00f3w Po\u017aniak (Mo\u0142dawia)<\/p>\n\n\n\n<p>*+Stanis\u0142aw Chmiel (25)<\/p>\n\n\n\n<p>\u015aroda 26 listopada<\/p>\n\n\n\n<p>7.00 +Zofia Grzebyk od Antoniego Kowalskiego z Siedlisk z rodzin\u0105<\/p>\n\n\n\n<p>7.00 +Grzegorz Tabor, ++ z rodziny<\/p>\n\n\n\n<p>18.00 +Zofia Gil<\/p>\n\n\n\n<p>18.00 +Barbara Otto od kole\u017canek i koleg\u00f3w z pracy<\/p>\n\n\n\n<p>*+Andrzej Malak od Piotra i Joanny Paluszak (ks. Piotr na rekolekcjach)<\/p>\n\n\n\n<p>*+Bogus\u0142awa Jamr\u00f3z od rodziny Nowak (J\u0119drzej\u00f3w)<\/p>\n\n\n\n<p>*+Emil Podg\u00f3rski od Romana i Barbary Skiba (RPA)<\/p>\n\n\n\n<p>*+Edward Mazur od rodziny Kuli\u0144skich (Syberia)<\/p>\n\n\n\n<p>*+Janusz G\u0142odowski od rodziny Wilczy\u0144skich (Mo\u0142dawia)<\/p>\n\n\n\n<p>*+Stanis\u0142aw Chmiel (26)<\/p>\n\n\n\n<p>Czwartek 27 listopada<\/p>\n\n\n\n<p>7.00 O Bo\u017ce b\u0142ogos\u0142awie\u0144stwo dla Zenona i jego rodziny<\/p>\n\n\n\n<p>18.00 +Marek Mizera<\/p>\n\n\n\n<p>18.00 +Leon, +Anna Pitera<\/p>\n\n\n\n<p>*+Anatol Pitera od rodziny Szewczyk (ks. Piotr na rekolekcjach)<\/p>\n\n\n\n<p>*+Edward Mazur od Dominiki z rodzin\u0105 (J\u0119drzej\u00f3w)<\/p>\n\n\n\n<p>*+Teresa Basiura od Patrycji Wojciak (RPA)<\/p>\n\n\n\n<p>*+Zofia Borowiec od rodziny G\u0142odowskich z Malawy (Syberia)<\/p>\n\n\n\n<p>*+Janusz G\u0142odowski od rodziny G\u00f3rak\u00f3w (Mo\u0142dawia)<\/p>\n\n\n\n<p>*+Stanis\u0142aw Chmiel (26)<\/p>\n\n\n\n<p>Pi\u0105tek 28 listopada<\/p>\n\n\n\n<p>7.00 ++polecani w tegorocznych wypominkach w naszej parafii<\/p>\n\n\n\n<p>7.00 +Czes\u0142aw Rojek od wnuczki Ma\u0142gorzaty z rodzin\u0105<\/p>\n\n\n\n<p>18.00 +Zdzis\u0142aw Tabisz z racji imienin<\/p>\n\n\n\n<p>18.00 +Czes\u0142awa, +Antoni Podg\u00f3rski<\/p>\n\n\n\n<p>*+Eugeniusz Nitka od Ewy Mazur z rodzin\u0105 (J\u0119drzej\u00f3w)<\/p>\n\n\n\n<p>*+Helena Jakubiec od Alfredy Pa\u0142ka z rodzin\u0105 (RPA)<\/p>\n\n\n\n<p>*+Bogus\u0142awa Jamr\u00f3z od swatowej z Lipia (Syberia)<\/p>\n\n\n\n<p>*+Janusz G\u0142odowski od Zofii i Adama \u0141yszczarz (Mo\u0142dawia)<\/p>\n\n\n\n<p>*+Stanis\u0142aw Chmiel (28)<\/p>\n\n\n\n<p>Sobota 29 listopada<\/p>\n\n\n\n<p>7.00 ++polecani w tegorocznych wypominkach w naszej parafii<\/p>\n\n\n\n<p>7.00 +Maria Borowiec od Janusza Ko\u015bci\u00f3\u0142ka z rodzin\u0105<\/p>\n\n\n\n<p>18.00 O szcz\u0119\u015bliwe rozwi\u0105zanie dla Magdaleny oraz opiek\u0119 Matki Bo\u017cej nad matk\u0105 i dzieckiem<\/p>\n\n\n\n<p>18.00 Dzi\u0119kczynna za \u017cycie +J\u00f3zefa G\u0142odowskiego w 3 rocznice \u015bmierci<\/p>\n\n\n\n<p>18.00 +Edward, ++ z rodzin Maczuga, \u0141asocha, Wieliczko i Muca<\/p>\n\n\n\n<p>*+Maria Mazur od Romana i Ewy Grzebyk (J\u0119drzej\u00f3w)<\/p>\n\n\n\n<p>*+J\u00f3zef Ocieczek od chrze\u015bniaka Bogdana Ku\u0142ak (RPA)<\/p>\n\n\n\n<p>*+Danuta Ka\u0142ucka od Agnieszki z rodzin\u0105 (Syberia)<\/p>\n\n\n\n<p>*+Janusz G\u0142odowski od Marka \u0141yszczarz z rodzin\u0105 (Mo\u0142dawia)<\/p>\n\n\n\n<p>*+Stanis\u0142aw Chmiel (29)<\/p>\n\n\n\n<p>Niedziela 30 listopada<\/p>\n\n\n\n<p>7.00 +ks. Kazimierz Guzy w 16 rocznice \u015bmierci<\/p>\n\n\n\n<p>7.00 +Zofia, +Stanis\u0142aw Skrzypek<\/p>\n\n\n\n<p>9.00 +W\u0142adys\u0142aw, +Zofia Ko\u0142wa<\/p>\n\n\n\n<p>*+ks. Mieczys\u0142aw Szeptycki od s\u0105siad\u00f3w z Pogodnego Wzg\u00f3rza i Herbowej (J\u0119drzej\u00f3w)<\/p>\n\n\n\n<p>*+Marian Pr\u0119dki od Ryszarda Skoczylas z rodzin\u0105 (RPA)<\/p>\n\n\n\n<p>*+Danuta Ka\u0142ucka od mamy \u0141ukasza (Syberia)<\/p>\n\n\n\n<p>*+Janusz G\u0142odowski od Renaty i Krzysztofa Kuchnik (Mo\u0142dawia)<\/p>\n\n\n\n<p>*+Stanis\u0142aw Chmiel (30) \u2013 zako\u0144czenie Mszy gregoria\u0144skich<\/p>\n\n\n\n<p>10.30 +Stanis\u0142aw, +Anna Dudek<\/p>\n\n\n\n<p>12.00 Za parafian \u017cywych i zmar\u0142ych<\/p>\n\n\n\n<p>16.00 Dzi\u0119kczynna za 80 lat \u017cycia, o Bo\u017ce b\u0142ogos\u0142awie\u0144stwo i zdrowie dla Heleny<\/p>\n\n\n\n<p>18.00 O Bo\u017ce b\u0142ogos\u0142awie\u0144stwo, opiek\u0119 Matki Bo\u017cej i \u0142ask\u0119 zdrowia dla Jana Tabor<\/p>\n","protected":false},"excerpt":{"rendered":"<p>&#8230;<\/p>\n","protected":false},"author":1,"featured_media":7666,"comment_status":"closed","ping_status":"","sticky":false,"template":"","format":"standard","meta":{"ngg_post_thumbnail":0,"footnotes":""},"categories":[13],"tags":[],"class_list":["post-9924","post","type-post","status-publish","format-standard","has-post-thumbnail","hentry","category-newsy"],"_links":{"self":[{"href":"https:\/\/mbsniezna.rzeszow.pl\/index.php\/wp-json\/wp\/v2\/posts\/9924","targetHints":{"allow":["GET"]}}],"collection":[{"href":"https:\/\/mbsniezna.rzeszow.pl\/index.php\/wp-json\/wp\/v2\/posts"}],"about":[{"href":"https:\/\/mbsniezna.rzeszow.pl\/index.php\/wp-json\/wp\/v2\/types\/post"}],"author":[{"embeddable":true,"href":"https:\/\/mbsniezna.rzeszow.pl\/index.php\/wp-json\/wp\/v2\/users\/1"}],"replies":[{"embeddable":true,"href":"https:\/\/mbsniezna.rzeszow.pl\/index.php\/wp-json\/wp\/v2\/comments?post=9924"}],"version-history":[{"count":1,"href":"https:\/\/mbsniezna.rzeszow.pl\/index.php\/wp-json\/wp\/v2\/posts\/9924\/revisions"}],"predecessor-version":[{"id":9925,"href":"https:\/\/mbsniezna.rzeszow.pl\/index.php\/wp-json\/wp\/v2\/posts\/9924\/revisions\/9925"}],"wp:featuredmedia":[{"embeddable":true,"href":"https:\/\/mbsniezna.rzeszow.pl\/index.php\/wp-json\/wp\/v2\/media\/7666"}],"wp:attachment":[{"href":"https:\/\/mbsniezna.rzeszow.pl\/index.php\/wp-json\/wp\/v2\/media?parent=9924"}],"wp:term":[{"taxonomy":"category","embeddable":true,"href":"https:\/\/mbsniezna.rzeszow.pl\/index.php\/wp-json\/wp\/v2\/categories?post=9924"},{"taxonomy":"post_tag","embeddable":true,"href":"https:\/\/mbsniezna.rzeszow.pl\/index.php\/wp-json\/wp\/v2\/tags?post=9924"}],"curies":[{"name":"wp","href":"https:\/\/api.w.org\/{rel}","templated":true}]}}