{"id":9927,"date":"2025-12-07T08:32:17","date_gmt":"2025-12-07T07:32:17","guid":{"rendered":"https:\/\/mbsniezna.rzeszow.pl\/?p=9927"},"modified":"2025-12-07T08:32:17","modified_gmt":"2025-12-07T07:32:17","slug":"ii-niedziela-adwentu-7-grudnia-2025-r","status":"publish","type":"post","link":"https:\/\/mbsniezna.rzeszow.pl\/index.php\/2025\/12\/07\/ii-niedziela-adwentu-7-grudnia-2025-r\/","title":{"rendered":"II NIEDZIELA ADWENTU \u2013 7 GRUDNIA 2025 R."},"content":{"rendered":"\n<p><a><\/a>1. Dzisiaj Dzie\u0144 Pomocy Ko\u015bcio\u0142owi na Wschodzie \u2013 po Mszach zbi\u00f3rka do puszek.<\/p>\n\n\n\n<p>2. Bardzo serdecznie dzi\u0119kujemy naszym go\u015bciom z Mi\u0144ska za \u015bpiew w czasie liturgii. Po Mszach \u015bw. przed ko\u015bcio\u0142em b\u0119d\u0105 rozprowadza\u0107 swoje p\u0142yty.<\/p>\n\n\n\n<p>3. Jutro Uroczysto\u015b\u0107 Niepokalanego Pocz\u0119cia NMP. Msze \u015bw.: 7.00, 11.00 \u2013 po tej Mszy \u015bw. wystawienie Naj\u015bwi\u0119tszego Sakramentu i Godzina \u0141aski od 12.00 do 13.00 \u2013 zapraszamy do modlitwy oraz o 18.00 \u2013 na tej Mszy uczestnicy 33 dniowych rekolekcji ze s\u0142ug\u0105 Bo\u017cym Wenantym Katarzy\u0144cem dokonaj\u0105 uroczystego Aktu Zawierzenia Matce Bo\u017cej.<\/p>\n\n\n\n<p>4. W tygodniu Msze roratnie o 18.00 \u2013 serdecznie zapraszamy, tak\u017ce dzieci z lampionami.<\/p>\n\n\n\n<p>5. We wtorek o 19.00 katecheza dla doros\u0142ych.<\/p>\n\n\n\n<p>6. We \u015brod\u0119 o 17.30 r\u00f3\u017caniec w intencji poszanowania \u017cycia. Zapraszamy cz\u0142onk\u00f3w duchowej adopcji.<\/p>\n\n\n\n<p>7. We \u015brod\u0119 o 19.00 spotkanie kandydat\u00f3w do bierzmowania dla klasy VIIIc i ucz\u0119szczaj\u0105cych do szk\u00f3\u0142 poza parafi\u0105.<\/p>\n\n\n\n<p>8. We czwartek od 17.15 adoracja i mo\u017cliwo\u015b\u0107 spowiedzi.<\/p>\n\n\n\n<p>9. W czwartek w ko\u015bciele po Mszy wieczornej kolejne nabo\u017ce\u0144stwo biblijne z serii \u201eZ Galilei do Jeruzalem\u201d. Zapraszamy.<\/p>\n\n\n\n<p>10. W czwartek o 19.00 w salce spotkanie wszystkich ministrant\u00f3w.<\/p>\n\n\n\n<p>11. W pi\u0105tek spotkania oazy: 16.30 \u2013 m\u0142odsza, 19.00 \u2013 starsza.<\/p>\n\n\n\n<p>12. W sobot\u0119 o 10.00 pr\u00f3ba scholii.<\/p>\n\n\n\n<p>13. B\u00f3g zap\u0142a\u0107 za ofiary na sprz\u0105tanie ko\u015bcio\u0142a. W tym tygodniu orosimy rodziny z ul. Studzianki numery od 70 do 136 oraz z ul. Poziomkowej numery od 1 do 19 (ul. Studzianki:70, 78, 80, 88, 100, 102, 108, 126, 134, 136; ul. Poziomkowa:1, 7, 9, 11, 17, 19).<\/p>\n\n\n\n<p>14. W zakrystii mo\u017cemy si\u0119 zaopatrzy\u0107 w op\u0142atki na st\u00f3\u0142 wigilijny \u2013 sk\u0142adana z tej racji ofiara przeznaczona b\u0119dzie na op\u0142acenie ogrzewania ko\u015bcio\u0142a.<\/p>\n\n\n\n<p>15. W przysz\u0142\u0105 niedziele po Mszach o 9.00 i 10.30 wychowankowie M\u0142odzie\u017cowego O\u015brodka Socjoterapii w Budziwoju wraz z wychowawcami przed ko\u015bcio\u0142em sprzedawa\u0107 b\u0119d\u0105 ozdoby \u015bwi\u0105teczne. Doch\u00f3d na potrzeby o\u015brodka.<\/p>\n\n\n\n<p>16. W przysz\u0142\u0105 niedziel\u0119 w Domu Kultury Budziw\u00f3j w godzinach od 10.00 do 16.00 b\u0119dzie IX Budziwojski Kiermasz Bo\u017conarodzeniowy. W programie m.in. wyst\u0119py artystyczne dzieci, warsztaty plastyczne, \u015bcianka zdj\u0119ciowa, koncert zespo\u0142u Folki.<\/p>\n","protected":false},"excerpt":{"rendered":"<p>&#8230;<\/p>\n","protected":false},"author":1,"featured_media":8276,"comment_status":"closed","ping_status":"","sticky":false,"template":"","format":"standard","meta":{"ngg_post_thumbnail":0,"footnotes":""},"categories":[13],"tags":[],"class_list":["post-9927","post","type-post","status-publish","format-standard","has-post-thumbnail","hentry","category-newsy"],"_links":{"self":[{"href":"https:\/\/mbsniezna.rzeszow.pl\/index.php\/wp-json\/wp\/v2\/posts\/9927","targetHints":{"allow":["GET"]}}],"collection":[{"href":"https:\/\/mbsniezna.rzeszow.pl\/index.php\/wp-json\/wp\/v2\/posts"}],"about":[{"href":"https:\/\/mbsniezna.rzeszow.pl\/index.php\/wp-json\/wp\/v2\/types\/post"}],"author":[{"embeddable":true,"href":"https:\/\/mbsniezna.rzeszow.pl\/index.php\/wp-json\/wp\/v2\/users\/1"}],"replies":[{"embeddable":true,"href":"https:\/\/mbsniezna.rzeszow.pl\/index.php\/wp-json\/wp\/v2\/comments?post=9927"}],"version-history":[{"count":1,"href":"https:\/\/mbsniezna.rzeszow.pl\/index.php\/wp-json\/wp\/v2\/posts\/9927\/revisions"}],"predecessor-version":[{"id":9928,"href":"https:\/\/mbsniezna.rzeszow.pl\/index.php\/wp-json\/wp\/v2\/posts\/9927\/revisions\/9928"}],"wp:featuredmedia":[{"embeddable":true,"href":"https:\/\/mbsniezna.rzeszow.pl\/index.php\/wp-json\/wp\/v2\/media\/8276"}],"wp:attachment":[{"href":"https:\/\/mbsniezna.rzeszow.pl\/index.php\/wp-json\/wp\/v2\/media?parent=9927"}],"wp:term":[{"taxonomy":"category","embeddable":true,"href":"https:\/\/mbsniezna.rzeszow.pl\/index.php\/wp-json\/wp\/v2\/categories?post=9927"},{"taxonomy":"post_tag","embeddable":true,"href":"https:\/\/mbsniezna.rzeszow.pl\/index.php\/wp-json\/wp\/v2\/tags?post=9927"}],"curies":[{"name":"wp","href":"https:\/\/api.w.org\/{rel}","templated":true}]}}