{"id":9929,"date":"2025-12-07T08:33:25","date_gmt":"2025-12-07T07:33:25","guid":{"rendered":"https:\/\/mbsniezna.rzeszow.pl\/?p=9929"},"modified":"2025-12-07T08:34:54","modified_gmt":"2025-12-07T07:34:54","slug":"intencje-mszalne-od-8-do-14-grudnia-2025-r","status":"publish","type":"post","link":"https:\/\/mbsniezna.rzeszow.pl\/index.php\/2025\/12\/07\/intencje-mszalne-od-8-do-14-grudnia-2025-r\/","title":{"rendered":"Intencje mszalne od 8 do 14 grudnia 2025 r."},"content":{"rendered":"\n<p>Poniedzia\u0142ek 8 grudnia Uroczysto\u015b\u0107 Niepokalanego Pocz\u0119cia NMP<\/p>\n\n\n\n<p><a><\/a>7.00 +Wojciech Ko\u0142odziej<\/p>\n\n\n\n<p>11.00 O Bo\u017ce b\u0142ogos\u0142awie\u0144stwo i opiek\u0119 Matki Bo\u017cej dla Lucyny Zygmunt i jej rodziny<\/p>\n\n\n\n<p>18.00 +Wies\u0142aw Materna<\/p>\n\n\n\n<p>18.00 +Magdalena Kotula<\/p>\n\n\n\n<p>*Andrzej Malak od Aleksandry G\u0142odowskiej (Mo\u0142dawia)<\/p>\n\n\n\n<p>*+Emil Podg\u00f3rski od OSP Budziw\u00f3j (Syberia)<\/p>\n\n\n\n<p>*+J\u00f3zef Ocieczek od rodziny Jakubiec (RPA)<\/p>\n\n\n\n<p>*+Janusz G\u0142odowski , *+Stanis\u0142aw, +W\u0142adys\u0142aw Pelczar <\/p>\n\n\n\n<p>Wtorek 9 grudnia<\/p>\n\n\n\n<p>7.00 +Jan Dragan<\/p>\n\n\n\n<p>7.00 +Zofia Grzebyk od Zdzis\u0142awa i Alicji Myrda z Siedlisk<\/p>\n\n\n\n<p>18.00 +Bronis\u0142awa, +Franciszek Warzybok<\/p>\n\n\n\n<p>18.00 +Maria, +Stanis\u0142aw, +Janusz<\/p>\n\n\n\n<p>*+Anatol Potera od Czes\u0142awa Kozik z \u017con\u0105 (Mo\u0142dawia)<\/p>\n\n\n\n<p>*+Marian Pr\u0119dki od Adama i Bo\u017ceny Matu\u0142a (Syberia)<\/p>\n\n\n\n<p>*+J\u00f3zef Ocieczek od Marty i Mariana Ku\u0142ak (RPA)<\/p>\n\n\n\n<p>*+Janusz G\u0142odowski (9), *+Stanis\u0142aw, +W\u0142adys\u0142aw Pelczar (9)<\/p>\n\n\n\n<p>\u015aroda 10 grudnia<\/p>\n\n\n\n<p>7.00 ++dusze w czy\u015b\u0107cu cierpi\u0105ce<\/p>\n\n\n\n<p>7.00 +Maria Borowiec od siostry Katarzyny<\/p>\n\n\n\n<p>18.00 Dzi\u0119kczynna za \u017cycie Emilki Kawa od Katarzyny Pa\u015bkiewicz<\/p>\n\n\n\n<p>18.00 +Aniela, +J\u00f3zef Pa\u015bko<\/p>\n\n\n\n<p>18.00 +Anna Pa\u015bkiewicz od rodziny Capi\u0144skich<\/p>\n\n\n\n<p>*+Edward T\u0142uczek od rodziny Mazur\u00f3w (Mo\u0142dawia)<\/p>\n\n\n\n<p>*+Marian Pr\u0119dki od Beaty Chmiel z rodzin\u0105 (Syberia)<\/p>\n\n\n\n<p>*+Hubert Pr\u0119dki od rodziny Jamrozk\u00f3w (RPA)<\/p>\n\n\n\n<p>*+Janusz G\u0142odowski (10), *+Stanis\u0142aw, +W\u0142adys\u0142aw Pelczar (10)<\/p>\n\n\n\n<p>Czwartek 11 grudnia<\/p>\n\n\n\n<p>7.00 +Zenon Piekarz od c\u00f3rki Agaty i wnuczka Adasia<\/p>\n\n\n\n<p>18.00 O potrzebne \u0142aski i opiek\u0119 Matki Bo\u017cej dla Ewy i jej rodziny<\/p>\n\n\n\n<p>18.00 +Zenon Piekarz od Ch\u00f3ru Fontes<\/p>\n\n\n\n<p>18.00 +Tadeusz Szczygie\u0142 od brata Kazimierza z rodzin\u0105<\/p>\n\n\n\n<p>*+Marian Pr\u0119dki od Marty Skiba z m\u0119\u017cem (Syberia)<\/p>\n\n\n\n<p>*+Maria Gliwa od Paw\u0142a Wac\u0142awek (RPA)<\/p>\n\n\n\n<p>*+Janusz G\u0142odowski (11), *+Stanis\u0142aw, +W\u0142adys\u0142aw Pelczar (11)<\/p>\n\n\n\n<p>Pi\u0105tek 12 grudnia<\/p>\n\n\n\n<p>7.00 +Zofia Grzebyk od Teresy Kalembkiewicz z rodzin\u0105<\/p>\n\n\n\n<p>18.00 Dzi\u0119kczynna i o Bo\u017ce b\u0142ogos\u0142awie\u0144stwo dla Antosia w 9 urodziny<\/p>\n\n\n\n<p>18.00 +Maria Borowiec od siostry Karoliny i siostrzenicy Joanny<\/p>\n\n\n\n<p>18.00 +Czes\u0142aw Rojek od \u017cony<\/p>\n\n\n\n<p>*+Adam Kyc od Ma\u0142gorzaty i Mariusza Mazur (Syberia)<\/p>\n\n\n\n<p>*+Maria Gliwa od Danuty Mazur z rodzin\u0105 (RPA)<\/p>\n\n\n\n<p>*+Janusz G\u0142odowski (12), *+Stanis\u0142aw, +W\u0142adys\u0142aw Pelczar (12)<\/p>\n\n\n\n<p>Sobota 13 grudnia<\/p>\n\n\n\n<p>7.00 +Les\u0142aw Pa\u015bkiewicz (20 rocz.), ++ z rodziny<\/p>\n\n\n\n<p>7.00 +Tadeusz Szczygie\u0142 od brata J\u00f3zefa z rodzin\u0105<\/p>\n\n\n\n<p>15.00 O b\u0142ogos\u0142awie\u0144stwo Bo\u017ce dla Wsp\u00f3lnoty \u015bw. Zygmunta Szcz\u0119snego Feli\u0144skiego<\/p>\n\n\n\n<p>18.00 Dzi\u0119kczynna i o Bo\u017ce b\u0142ogos\u0142awie\u0144stwo dla Stefanii w 18 urodziny<\/p>\n\n\n\n<p>18.00 +Kazimiera Chmiel (6 rocz.)<\/p>\n\n\n\n<p>*+Adam Kyc od Aliny i Leszka Dryja z rodzin\u0105 (Syberia)<\/p>\n\n\n\n<p>*+Maria Gliwa od Ferdynanda Gliwy (RPA)<\/p>\n\n\n\n<p>*+Janusz G\u0142odowski (13), *+Stanis\u0142aw, +W\u0142adys\u0142aw Pelczar (13)<\/p>\n\n\n\n<p>Niedziela 14 grudnia<\/p>\n\n\n\n<p>7.00 +o. Adam Kotula (6 rocz.)<\/p>\n\n\n\n<p>9.00 +Zofia Ko\u015bciak, +Apolonia, +Piotr, +W\u0142adys\u0142aw, ++ z rodziny<\/p>\n\n\n\n<p>*+Adam Kyc od Bogumi\u0142y i Mariana P\u0142onka (Syberia)<\/p>\n\n\n\n<p>*+Maria Gliwa od Katarzyny Wac\u0142awek (RPA)<\/p>\n\n\n\n<p>*+Janusz G\u0142odowski (14), *+Stanis\u0142aw, +W\u0142adys\u0142aw Pelczar (14)<\/p>\n\n\n\n<p>10.30 +Jan, +Julia, +Stanis\u0142aw Szczoczarz<\/p>\n\n\n\n<p>12.00 Za parafian \u017cywych i zmar\u0142ych<\/p>\n\n\n\n<p>16.00 +Emil Piz\u0142o (4 rocz.)<\/p>\n\n\n\n<p>18.00 Dzi\u0119kczynna za \u017cycie Emilki Kawa i o Bo\u017ce b\u0142og. dla ca\u0142ej rodziny od matki chrzestnej z rodzin\u0105<\/p>\n","protected":false},"excerpt":{"rendered":"<p>&#8230;<\/p>\n","protected":false},"author":1,"featured_media":7666,"comment_status":"closed","ping_status":"closed","sticky":false,"template":"","format":"standard","meta":{"ngg_post_thumbnail":0,"footnotes":""},"categories":[13],"tags":[],"class_list":["post-9929","post","type-post","status-publish","format-standard","has-post-thumbnail","hentry","category-newsy"],"_links":{"self":[{"href":"https:\/\/mbsniezna.rzeszow.pl\/index.php\/wp-json\/wp\/v2\/posts\/9929","targetHints":{"allow":["GET"]}}],"collection":[{"href":"https:\/\/mbsniezna.rzeszow.pl\/index.php\/wp-json\/wp\/v2\/posts"}],"about":[{"href":"https:\/\/mbsniezna.rzeszow.pl\/index.php\/wp-json\/wp\/v2\/types\/post"}],"author":[{"embeddable":true,"href":"https:\/\/mbsniezna.rzeszow.pl\/index.php\/wp-json\/wp\/v2\/users\/1"}],"replies":[{"embeddable":true,"href":"https:\/\/mbsniezna.rzeszow.pl\/index.php\/wp-json\/wp\/v2\/comments?post=9929"}],"version-history":[{"count":2,"href":"https:\/\/mbsniezna.rzeszow.pl\/index.php\/wp-json\/wp\/v2\/posts\/9929\/revisions"}],"predecessor-version":[{"id":9931,"href":"https:\/\/mbsniezna.rzeszow.pl\/index.php\/wp-json\/wp\/v2\/posts\/9929\/revisions\/9931"}],"wp:featuredmedia":[{"embeddable":true,"href":"https:\/\/mbsniezna.rzeszow.pl\/index.php\/wp-json\/wp\/v2\/media\/7666"}],"wp:attachment":[{"href":"https:\/\/mbsniezna.rzeszow.pl\/index.php\/wp-json\/wp\/v2\/media?parent=9929"}],"wp:term":[{"taxonomy":"category","embeddable":true,"href":"https:\/\/mbsniezna.rzeszow.pl\/index.php\/wp-json\/wp\/v2\/categories?post=9929"},{"taxonomy":"post_tag","embeddable":true,"href":"https:\/\/mbsniezna.rzeszow.pl\/index.php\/wp-json\/wp\/v2\/tags?post=9929"}],"curies":[{"name":"wp","href":"https:\/\/api.w.org\/{rel}","templated":true}]}}