{"id":9987,"date":"2026-03-15T10:11:41","date_gmt":"2026-03-15T09:11:41","guid":{"rendered":"https:\/\/mbsniezna.rzeszow.pl\/?p=9987"},"modified":"2026-03-15T10:11:41","modified_gmt":"2026-03-15T09:11:41","slug":"iv-niedziela-wielkiego-postu-15-marca-2025-r","status":"publish","type":"post","link":"https:\/\/mbsniezna.rzeszow.pl\/index.php\/2026\/03\/15\/iv-niedziela-wielkiego-postu-15-marca-2025-r\/","title":{"rendered":"IV NIEDZIELA WIELKIEGO POSTU \u2013 15 marca 2025 r."},"content":{"rendered":"\n<p>1. We wtorek o 19.00 katecheza dla doros\u0142ych.<\/p>\n\n\n\n<p>2. We \u015brod\u0119 na Mszy o 18.00 spotkanie wszystkich kandydat\u00f3w do bierzmowania z klas VIII z delegatem biskupa do spraw bierzmowania ks. dr Podlaszczakiem. Obecno\u015b\u0107 obowi\u0105zkowa. Prosimy o przyniesienie uzupe\u0142nionych indeks\u00f3w.<\/p>\n\n\n\n<p>3. We czwartek od 17.15 adoracja i mo\u017cliwo\u015b\u0107 spowiedzi.<\/p>\n\n\n\n<p>4. We czwartek uroczysto\u015b\u0107 \u015bw. J\u00f3zefa Oblubie\u0144ca NMP.<\/p>\n\n\n\n<p>5. We czwartek rozpocz\u0119cie Tygodnia Modlitw o Ochron\u0119 \u017bycia pod has\u0142em: \u201eZ Maryj\u0105 i J\u00f3zefem bronimy \u017cycia\u201d. Na zako\u0144czenie tygodnia w Uroczysto\u015b\u0107 Zwiastowania Pa\u0144skiego 25 marca podj\u0119cie Dzie\u0142a Duchowej Adopcji Dziecka Pocz\u0119tego.<\/p>\n\n\n\n<p>6. We czwartek po Mszy wieczornej kolejne nabo\u017ce\u0144stwo biblijne z serii \u201eOd Galilei do Jeruzalem\u201d. Zapraszamy.<\/p>\n\n\n\n<p>7. We czwartek o 19.30 zbi\u00f3rka wszystkich ministrant\u00f3w.<\/p>\n\n\n\n<p>8. W pi\u0105tek Nabo\u017ce\u0144stwo Drogi Krzy\u017cowej o 17.30 i 20.00.<\/p>\n\n\n\n<p>9. W pi\u0105tek o 19.00 spotkanie oazy m\u0142odszej i starszej.<\/p>\n\n\n\n<p>10. W sobot\u0119 wyjazd na plenerow\u0105 Drog\u0119 Krzy\u017cow\u0105 na Kalwari\u0119 Pac\u0142awsk\u0105. Jest zmiana godziny. Wyjazd jest o godz. 6.00. W zakrystii mo\u017cna wp\u0142aca\u0107 na wyjazd.<\/p>\n\n\n\n<p>11. W sobot\u0119 o 10.00 pr\u00f3ba scholi.<\/p>\n\n\n\n<p>12. W niedziele o 6.30 Droga Krzy\u017cowa, a o 17.00 Gorzkie \u017bale ze sk\u0142adk\u0105 na kwiaty do Bo\u017cego Grobu.<\/p>\n\n\n\n<p>13. W niedziel\u0119 rozpoczynamy rekolekcje wielkopostne. Prowadzi\u0142 je b\u0119dzie ks. Przemys\u0142aw Krzyszto\u0144 \u2013 wikariusz w Kamieniu. R\u00f3\u017ce r\u00f3\u017ca\u0144cowe prosimy o modlitw\u0119 w intencji rekolekcji.<\/p>\n\n\n\n<p>14. W przysz\u0142\u0105 niedziel\u0119 zbi\u00f3rka do puszek na funkcjonowanie Diecezjalnego Duszpasterstwa Rodzin.<\/p>\n\n\n\n<p>15. Zapowiedzi: Filip Szura i Martyna Brodziak, Dawid Wiczkowski i Kamila Gil (zap. I).<\/p>\n\n\n\n<p>16. Dzi\u0119kujemy za ofiary na sprz\u0105tanie Ko\u015bcio\u0142a. W tym tygodniu prosimy rodziny z ul. Tarnopolskiej numery parzyste od 2 do 68: 2, 10, 12, 16, 18, 22, 24, 26 , 30, 32, 34, 36, 38, 54, 68.<\/p>\n\n\n\n<p>17. W dniach od 4 do 11 lipca planowana jest parafialna 8-dniowa pielgrzymka na Malt\u0119 \u2013 \u015bladami \u015bw. Paw\u0142a Aposto\u0142a. Wylot samolotem z Rzeszowa. Linie lotnicze nie podaj\u0105 jeszcze cen bilet\u00f3w na wakacje. W ubieg\u0142ym roku ca\u0142o\u015b\u0107 takiej pielgrzymki kosztowa\u0142a 2 850 z\u0142 i 500 euro. Nale\u017cy przypuszcza\u0107, \u017ce tego roku b\u0119dzie co\u015b dro\u017cej z racji na cen\u0119 paliwa. Zapisy rozpoczynamy od dzisiaj. Potrzeba 45 os\u00f3b. Na FB podajemy dok\u0142adny plan i inne informacje.<\/p>\n\n\n\n<p>18. Z rado\u015bci\u0105 informujemy, \u017ce nasi ministranci zdobyli mistrzostwo diecezji w pi\u0142ce no\u017cnej. Za\u015b ministrant Szymon Bomba zosta\u0142 diecezjalnym kr\u00f3lem strzelc\u00f3w. Serdecznie gratulujemy ministrantom i ks. Szymonowi. Pod koniec czerwca b\u0119d\u0105 uczestniczy\u0107 w og\u00f3lnopolskim finale w Gnie\u017anie. Zdj\u0119cia s\u0105 na FB, a puchary s\u0105 wystawione.<\/p>\n","protected":false},"excerpt":{"rendered":"<p>&#8230;<\/p>\n","protected":false},"author":1,"featured_media":9265,"comment_status":"closed","ping_status":"","sticky":false,"template":"","format":"standard","meta":{"ngg_post_thumbnail":0,"footnotes":""},"categories":[13],"tags":[],"class_list":["post-9987","post","type-post","status-publish","format-standard","has-post-thumbnail","hentry","category-newsy"],"_links":{"self":[{"href":"https:\/\/mbsniezna.rzeszow.pl\/index.php\/wp-json\/wp\/v2\/posts\/9987","targetHints":{"allow":["GET"]}}],"collection":[{"href":"https:\/\/mbsniezna.rzeszow.pl\/index.php\/wp-json\/wp\/v2\/posts"}],"about":[{"href":"https:\/\/mbsniezna.rzeszow.pl\/index.php\/wp-json\/wp\/v2\/types\/post"}],"author":[{"embeddable":true,"href":"https:\/\/mbsniezna.rzeszow.pl\/index.php\/wp-json\/wp\/v2\/users\/1"}],"replies":[{"embeddable":true,"href":"https:\/\/mbsniezna.rzeszow.pl\/index.php\/wp-json\/wp\/v2\/comments?post=9987"}],"version-history":[{"count":1,"href":"https:\/\/mbsniezna.rzeszow.pl\/index.php\/wp-json\/wp\/v2\/posts\/9987\/revisions"}],"predecessor-version":[{"id":9988,"href":"https:\/\/mbsniezna.rzeszow.pl\/index.php\/wp-json\/wp\/v2\/posts\/9987\/revisions\/9988"}],"wp:featuredmedia":[{"embeddable":true,"href":"https:\/\/mbsniezna.rzeszow.pl\/index.php\/wp-json\/wp\/v2\/media\/9265"}],"wp:attachment":[{"href":"https:\/\/mbsniezna.rzeszow.pl\/index.php\/wp-json\/wp\/v2\/media?parent=9987"}],"wp:term":[{"taxonomy":"category","embeddable":true,"href":"https:\/\/mbsniezna.rzeszow.pl\/index.php\/wp-json\/wp\/v2\/categories?post=9987"},{"taxonomy":"post_tag","embeddable":true,"href":"https:\/\/mbsniezna.rzeszow.pl\/index.php\/wp-json\/wp\/v2\/tags?post=9987"}],"curies":[{"name":"wp","href":"https:\/\/api.w.org\/{rel}","templated":true}]}}