{"id":9989,"date":"2026-03-15T10:12:45","date_gmt":"2026-03-15T09:12:45","guid":{"rendered":"https:\/\/mbsniezna.rzeszow.pl\/?p=9989"},"modified":"2026-03-15T10:12:45","modified_gmt":"2026-03-15T09:12:45","slug":"intencje-mszalne-od-16-do-22-marca-2026-r","status":"publish","type":"post","link":"https:\/\/mbsniezna.rzeszow.pl\/index.php\/2026\/03\/15\/intencje-mszalne-od-16-do-22-marca-2026-r\/","title":{"rendered":"INTENCJE MSZALNE OD 16 DO 22 MARCA 2026 R."},"content":{"rendered":"\n<p>Poniedzia\u0142ek 16 marca<\/p>\n\n\n\n<p>7.00 +J\u00f3zef<\/p>\n\n\n\n<p>7.00 +Katarzyna, +J\u00f3zef Stachurscy<\/p>\n\n\n\n<p>18.00 O zdrowie i Bo\u017ce b\u0142ogos\u0142awie\u0144stwo dla J\u00f3zefa<\/p>\n\n\n\n<p>18.00 +Zofia Pasternakiewicz<\/p>\n\n\n\n<p>*+Helena Jakubiec od Natalii Czekaj i Adrianny Machowskiej (Syberia)<\/p>\n\n\n\n<p>*+Pawe\u0142 G\u0142owiak od Wandy i Piotra Mi\u0105sik z rodzin\u0105 (Abchazja)<\/p>\n\n\n\n<p>Wtorek 17 marca<\/p>\n\n\n\n<p>7.00 O Bo\u017ce b\u0142og., opiek\u0119 Matki Bo\u017cej, o \u0142ask\u0119 zdrowia dla Lucyny, J\u00f3zefa i ich rodzin<\/p>\n\n\n\n<p>7.00 +J\u00f3zef<\/p>\n\n\n\n<p>18.00 O zdrowie i szcz\u0119\u015bliw\u0105 operacj\u0119 dla Wojciecha<\/p>\n\n\n\n<p>18.00 +Eugeniusz, +Genowefa Tondera<\/p>\n\n\n\n<p>18.00 +Zbigniew Obara, ++ z rodziny<\/p>\n\n\n\n<p>*+Marian Pr\u0119dki od Krystyny i Ryszarda Matu\u0142a (Syberia)<\/p>\n\n\n\n<p>*+Edward Kyc od Bo\u017ceny i Jana Pa\u015bciak (Abchazja)<\/p>\n\n\n\n<p>\u015aroda 18 marca<\/p>\n\n\n\n<p>7.00 +Longin, +Maria Pa\u015bko<\/p>\n\n\n\n<p>7.00 +J\u00f3zef<\/p>\n\n\n\n<p>18.00 Dzi\u0119kczynna za 92 lata \u017cycia i o Bo\u017ce b\u0142ogos\u0142awie\u0144stwo dla Czes\u0142awa i Heleny Dudek<\/p>\n\n\n\n<p>18.00 +J\u00f3zef, +Maria Bury, ++ z rodziny<\/p>\n\n\n\n<p>18.00 +Zbigniew Filip (7 rocz.)<\/p>\n\n\n\n<p>*+J\u00f3zef Ocieczek od rodziny Ziemba (Syberia)<\/p>\n\n\n\n<p>*+Waldemar Matejek od Pauliny i Marcina Kilar (Abchazja)<\/p>\n\n\n\n<p>Czwartek 19 marca<\/p>\n\n\n\n<p>7.00 +Stanis\u0142aw, +Czes\u0142awa Ziemniak<\/p>\n\n\n\n<p>7.00 +J\u00f3zef Kom\u00f3rek, ++ z rodziny<\/p>\n\n\n\n<p>18.00 +J\u00f3zef Jacek<\/p>\n\n\n\n<p>18.00 +Bogdan, +J\u00f3zef Szcz\u0119ch, +Augustyn Mazur<\/p>\n\n\n\n<p>18.00 +Leszek Pi\u0119ta (16 rocz.), +Aleksandra, +Franciszek, Tadeusz, +Mieczys\u0142aw Pi\u0119ta<\/p>\n\n\n\n<p>*+Adam Kyc od Lucyny i Tadeusza Pa\u015bko (Syberia)<\/p>\n\n\n\n<p>*+Zdzis\u0142aw Tabisz od Dariusza G\u0142odowskiego (Abchazja)<\/p>\n\n\n\n<p>Pi\u0105tek 20 marca<\/p>\n\n\n\n<p>7.00 Dzi\u0119kczynna za otrzymane \u0142aski<\/p>\n\n\n\n<p>7.00 +J\u00f3zef<\/p>\n\n\n\n<p>18.00 +J\u00f3zef, +Stanis\u0142aw Naw\u00f3j<\/p>\n\n\n\n<p>18.00 +J\u00f3zef, +Julia Chmiel, ++ z rodziny<\/p>\n\n\n\n<p>18.00 +Stanis\u0142aw, +J\u00f3zef Naw\u00f3j, ++ z rodziny<\/p>\n\n\n\n<p>*+Helena Jakubiec od rodziny Trafid\u0142\u00f3w i Srok\u00f3w (Syberia)<\/p>\n\n\n\n<p>*+Helena Biestek od rodziny O\u017cy\u0142o (Abchazja)<\/p>\n\n\n\n<p>Sobota 21 marca<\/p>\n\n\n\n<p>7.00 +J\u00f3zef<\/p>\n\n\n\n<p>7.00 +Zofia, +Adam Wnuk<\/p>\n\n\n\n<p>18.00 +Maria, +Antonina, +Marcin Tondera<\/p>\n\n\n\n<p>18.00 +J\u00f3zef Kuc, ++ z rodziny<\/p>\n\n\n\n<p>18.00 +Stanis\u0142aw Michalski (11 rocz.)<\/p>\n\n\n\n<p>*+Teresa Basiura od Marii T\u0142uczek z rodzin\u0105 (Syberia)<\/p>\n\n\n\n<p>*+Andrzej Malak od Doroty G\u0142odowskiej z rodzin\u0105 (Abchazja)<\/p>\n\n\n\n<p>Niedziela 22 marca<\/p>\n\n\n\n<p>7.00 +J\u00f3zef, +Czes\u0142awa Burdasz, ++ z rodziny<\/p>\n\n\n\n<p>9.00 +Maria, +J\u00f3zef Cenkar<\/p>\n\n\n\n<p>9.00 +J\u00f3zef<\/p>\n\n\n\n<p>*+Emil Podg\u00f3rski od s\u0105siad\u00f3w Wilk\u00f3w (Syberia)<\/p>\n\n\n\n<p>*+Anatol Pitera od Aleksandry Domino z rodzin\u0105 (Abchazja)<\/p>\n\n\n\n<p>10.30 +Mariusz (23 rocz.), ++ z rodziny<\/p>\n\n\n\n<p>12.00 O b\u0142ogos\u0142awie\u0144stwo Bo\u017ce dla Maksymiliana<\/p>\n\n\n\n<p>12.00 +Leon Pitera<\/p>\n\n\n\n<p>12.00 Za parafian \u017cywych i zmar\u0142ych<\/p>\n\n\n\n<p>16.00 +Czes\u0142aw, +W\u0142adys\u0142aw Szwed<\/p>\n\n\n\n<p>18.00 +Eugeniusz Mirowski, +Marianna, ++ z rodziny<\/p>\n","protected":false},"excerpt":{"rendered":"<p>&#8230;<\/p>\n","protected":false},"author":1,"featured_media":7666,"comment_status":"closed","ping_status":"","sticky":false,"template":"","format":"standard","meta":{"ngg_post_thumbnail":0,"footnotes":""},"categories":[13],"tags":[],"class_list":["post-9989","post","type-post","status-publish","format-standard","has-post-thumbnail","hentry","category-newsy"],"_links":{"self":[{"href":"https:\/\/mbsniezna.rzeszow.pl\/index.php\/wp-json\/wp\/v2\/posts\/9989","targetHints":{"allow":["GET"]}}],"collection":[{"href":"https:\/\/mbsniezna.rzeszow.pl\/index.php\/wp-json\/wp\/v2\/posts"}],"about":[{"href":"https:\/\/mbsniezna.rzeszow.pl\/index.php\/wp-json\/wp\/v2\/types\/post"}],"author":[{"embeddable":true,"href":"https:\/\/mbsniezna.rzeszow.pl\/index.php\/wp-json\/wp\/v2\/users\/1"}],"replies":[{"embeddable":true,"href":"https:\/\/mbsniezna.rzeszow.pl\/index.php\/wp-json\/wp\/v2\/comments?post=9989"}],"version-history":[{"count":1,"href":"https:\/\/mbsniezna.rzeszow.pl\/index.php\/wp-json\/wp\/v2\/posts\/9989\/revisions"}],"predecessor-version":[{"id":9990,"href":"https:\/\/mbsniezna.rzeszow.pl\/index.php\/wp-json\/wp\/v2\/posts\/9989\/revisions\/9990"}],"wp:featuredmedia":[{"embeddable":true,"href":"https:\/\/mbsniezna.rzeszow.pl\/index.php\/wp-json\/wp\/v2\/media\/7666"}],"wp:attachment":[{"href":"https:\/\/mbsniezna.rzeszow.pl\/index.php\/wp-json\/wp\/v2\/media?parent=9989"}],"wp:term":[{"taxonomy":"category","embeddable":true,"href":"https:\/\/mbsniezna.rzeszow.pl\/index.php\/wp-json\/wp\/v2\/categories?post=9989"},{"taxonomy":"post_tag","embeddable":true,"href":"https:\/\/mbsniezna.rzeszow.pl\/index.php\/wp-json\/wp\/v2\/tags?post=9989"}],"curies":[{"name":"wp","href":"https:\/\/api.w.org\/{rel}","templated":true}]}}